{"id":8513,"date":"2026-03-13T14:28:35","date_gmt":"2026-03-13T17:28:35","guid":{"rendered":"https:\/\/patrusananias.com.br\/blog\/?p=8513"},"modified":"2026-03-13T14:32:13","modified_gmt":"2026-03-13T17:32:13","slug":"patrus-denuncia-risco-a-soberania-nacional-apos-acordo-eua-paraguai","status":"publish","type":"post","link":"https:\/\/patrusananias.com.br\/blog\/patrus-denuncia-risco-a-soberania-nacional-apos-acordo-eua-paraguai\/","title":{"rendered":"Patrus denuncia risco \u00e0 soberania nacional ap\u00f3s acordo EUA-Paraguai"},"content":{"rendered":"\t\t<div data-elementor-type=\"wp-post\" data-elementor-id=\"8513\" class=\"elementor elementor-8513\" data-elementor-post-type=\"post\">\n\t\t\t\t\t\t<section class=\"elementor-section elementor-top-section elementor-element elementor-element-3aaebd9 elementor-section-boxed elementor-section-height-default elementor-section-height-default\" data-id=\"3aaebd9\" data-element_type=\"section\">\n\t\t\t\t\t\t<div class=\"elementor-container elementor-column-gap-default\">\n\t\t\t\t\t<div class=\"elementor-column elementor-col-100 elementor-top-column elementor-element elementor-element-3a8231e\" data-id=\"3a8231e\" data-element_type=\"column\">\n\t\t\t<div class=\"elementor-widget-wrap elementor-element-populated\">\n\t\t\t\t\t\t<div class=\"elementor-element elementor-element-1aa0927 elementor-widget elementor-widget-text-editor\" data-id=\"1aa0927\" data-element_type=\"widget\" data-widget_type=\"text-editor.default\">\n\t\t\t\t<div class=\"elementor-widget-container\">\n\t\t\t\t\t\t\t\t\t<div class=\"xdj266r x14z9mp xat24cr x1lziwak x1vvkbs x126k92a\">\n<div dir=\"auto\">Presidente da Frente Parlamentar em Defesa da Soberania Nacional, o deputado Patrus Ananias ocupou a tribuna da C\u00e2mara nesta quarta-feira para alertar parlamentares e a sociedade brasileira sobre a amea\u00e7a \u00e0 soberania nacional representada pela aprova\u00e7\u00e3o ontem, pelo Congresso do Paraguai, do acordo que autoriza a presen\u00e7a de militares dos Estados Unidos no pa\u00eds vizinho.<\/div><div dir=\"auto\"><br><\/div>\n<\/div>\n<div class=\"x14z9mp xat24cr x1lziwak x1vvkbs xtlvy1s x126k92a\">\n<div dir=\"auto\">O acordo de coopera\u00e7\u00e3o militar foi articulado pelo presidente Donald Trump e pelo presidente paraguaio Santiago Pe\u00f1a e permite a atua\u00e7\u00e3o de tropas estadunidenses em territ\u00f3rio paraguaio, inclusive em \u00e1reas pr\u00f3ximas \u00e0 Tr\u00edplice Fronteira, regi\u00e3o estrat\u00e9gica onde se encontram Brasil, Paraguai e Argentina.<\/div><div dir=\"auto\"><br><\/div>\n<\/div>\n<div class=\"x14z9mp xat24cr x1lziwak x1vvkbs xtlvy1s x126k92a\">\n<div dir=\"auto\">Embora o objetivo declarado do acordo seja o combate ao narcotr\u00e1fico e ao crime organizado transnacional, Patrus Ananias afirmou que o que est\u00e1 em jogo \u00e9 o interesse do presidente Trump nas riquezas brasileiras, especialmente as chamadas terras raras, minerais considerados fundamentais que est\u00e3o na disputa tecnol\u00f3gica, energ\u00e9tica e geopol\u00edtica global.<\/div><div dir=\"auto\"><br><\/div>\n<\/div>\n<div class=\"x14z9mp xat24cr x1lziwak x1vvkbs xtlvy1s x126k92a\">\n<div dir=\"auto\">\u201c\u00c9 um recado direto \u00e0 soberania brasileira. N\u00f3s precisamos preservar bem as nossas riquezas. Eles est\u00e3o de olho nas nossas terras raras, no nosso l\u00edtio e, \u00f3bvio, no territ\u00f3rio brasileiro, com todas as suas extraordin\u00e1rias potencialidades e riquezas\u201d, afirmou.<\/div>\n<\/div>\n<div class=\"x14z9mp xat24cr x1lziwak x1vvkbs xtlvy1s x126k92a\">\n<div dir=\"auto\">Ao concluir, o deputado ressaltou que sempre defendeu a n\u00e3o-viol\u00eancia e a promo\u00e7\u00e3o da paz entre as na\u00e7\u00f5es, mas o momento exige firmeza do governo brasileiro e uma reflex\u00e3o inclusive sobre a a\u00e7\u00e3o das For\u00e7as Armadas.<\/div>\n<\/div>\t\t\t\t\t\t\t\t<\/div>\n\t\t\t\t<\/div>\n\t\t\t\t\t<\/div>\n\t\t<\/div>\n\t\t\t\t\t<\/div>\n\t\t<\/section>\n\t\t\t\t<\/div>\n\t\t","protected":false},"excerpt":{"rendered":"<p>Presidente da Frente Parlamentar em Defesa da Soberania Nacional, o deputado Patrus Ananias ocupou a tribuna da C\u00e2mara nesta quarta-feira para alertar parlamentares e a sociedade brasileira sobre a amea\u00e7a \u00e0 soberania nacional representada pela aprova\u00e7\u00e3o ontem, pelo Congresso do Paraguai, do acordo que autoriza a presen\u00e7a de militares dos Estados Unidos no pa\u00eds vizinho. &hellip; <\/p>\n<p class=\"link-more\"><a href=\"https:\/\/patrusananias.com.br\/blog\/patrus-denuncia-risco-a-soberania-nacional-apos-acordo-eua-paraguai\/\" class=\"more-link\">Continue lendo<span class=\"screen-reader-text\"> &#8220;Patrus denuncia risco \u00e0 soberania nacional ap\u00f3s acordo EUA-Paraguai&#8221;<\/span><\/a><\/p>\n","protected":false},"author":1,"featured_media":0,"comment_status":"open","ping_status":"open","sticky":false,"template":"","format":"standard","meta":{"footnotes":""},"categories":[394,388,377],"tags":[],"views":90,"_links":{"self":[{"href":"https:\/\/patrusananias.com.br\/blog\/wp-json\/wp\/v2\/posts\/8513"}],"collection":[{"href":"https:\/\/patrusananias.com.br\/blog\/wp-json\/wp\/v2\/posts"}],"about":[{"href":"https:\/\/patrusananias.com.br\/blog\/wp-json\/wp\/v2\/types\/post"}],"author":[{"embeddable":true,"href":"https:\/\/patrusananias.com.br\/blog\/wp-json\/wp\/v2\/users\/1"}],"replies":[{"embeddable":true,"href":"https:\/\/patrusananias.com.br\/blog\/wp-json\/wp\/v2\/comments?post=8513"}],"version-history":[{"count":4,"href":"https:\/\/patrusananias.com.br\/blog\/wp-json\/wp\/v2\/posts\/8513\/revisions"}],"predecessor-version":[{"id":8519,"href":"https:\/\/patrusananias.com.br\/blog\/wp-json\/wp\/v2\/posts\/8513\/revisions\/8519"}],"wp:attachment":[{"href":"https:\/\/patrusananias.com.br\/blog\/wp-json\/wp\/v2\/media?parent=8513"}],"wp:term":[{"taxonomy":"category","embeddable":true,"href":"https:\/\/patrusananias.com.br\/blog\/wp-json\/wp\/v2\/categories?post=8513"},{"taxonomy":"post_tag","embeddable":true,"href":"https:\/\/patrusananias.com.br\/blog\/wp-json\/wp\/v2\/tags?post=8513"}],"curies":[{"name":"wp","href":"https:\/\/api.w.org\/{rel}","templated":true}]}}