{"id":668,"date":"2012-11-07T13:43:21","date_gmt":"2012-11-07T15:43:21","guid":{"rendered":"http:\/\/patrusananias.com.br\/blog\/?p=668"},"modified":"2022-11-03T10:56:30","modified_gmt":"2022-11-03T13:56:30","slug":"minas-mandou-dizer-que-nao-tem-dono-2","status":"publish","type":"post","link":"https:\/\/patrusananias.com.br\/blog\/minas-mandou-dizer-que-nao-tem-dono-2\/","title":{"rendered":"Minas mandou dizer que n\u00e3o tem dono"},"content":{"rendered":"<p><em>O Estado de Minas Gerais resiste \u00e0s tentativas de domina\u00e7\u00e3o que as lideran\u00e7as regionais do PSDB est\u00e3o tentando implantar. Na avalia\u00e7\u00e3o de Patrus Ananias, esse foi um dos principais recados que os mineiros e mineiras deram nesta \u00faltima elei\u00e7\u00e3o. O ex-ministro do Desenvolvimento Social e Combate \u00e0 Fome, em entrevista aos jornalistas Ana Paola Amorim, Gabriella Gualberto e Paulo Barcala, fez um balan\u00e7o positivo do desempenho do PT e das for\u00e7as de esquerda no Estado: em Belo Horizonte, sua candidatura serviu como um divisor de \u00e1guas pol\u00edticas e ajudou a fortalecer o PT; o partido aumentou sua vota\u00e7\u00e3o no Estado e venceu em 26 das 50 maiores cidades; o PSDB encolheu e se esfor\u00e7ou para camuflar esse encolhimento com as alian\u00e7as mais d\u00edspares nos lugares em que foi derrotado no primeiro turno.<\/em><\/p>\n<p><em>Para o PT, Patrus avalia que o recado foi dado em forma de desafio, instando o partido a se preparar para as elei\u00e7\u00f5es de 2014. O combust\u00edvel vem tamb\u00e9m desta elei\u00e7\u00e3o, com uma vigorosa contribui\u00e7\u00e3o de Belo Horizonte no processo de retomada da milit\u00e2ncia. \u201cRecuperamos em grande parte a nossa milit\u00e2ncia hist\u00f3rica (&#8230;), incorporamos tamb\u00e9m muita gente nova, os jovens que aderiram com entusiasmo \u00e0 campanha. \u00c9 claro que esse processo tem que continuar\u201d, disse Patrus.<\/em><\/p>\n<p><strong><!--more--><\/strong><\/p>\n<p><span style=\"color: #800000;\"><strong>Blog: Como voc\u00ea avalia o resultado das elei\u00e7\u00f5es 2012?<\/strong><\/span><\/p>\n<p><strong><em>Patrus<\/em><\/strong>: O primeiro aspecto da leitura que fa\u00e7o \u00e9 que se encerrou um ciclo, o ciclo da estranh\u00edssima alian\u00e7a entre o PT e o PSDB em BH. Historicamente, esse territ\u00f3rio confuso, a dissolu\u00e7\u00e3o das fronteiras partid\u00e1rias em Minas, teve um momento de destaque em 2002. Naquele ano, o ent\u00e3o governador Itamar Franco apoiou Lula presidente e A\u00e9cio governador, criando um espa\u00e7o comum de apoio aos dois candidatos para outras lideran\u00e7as e partidos, inclusive em detrimento de uma candidatura que naquele momento estava em ascens\u00e3o, que era a do nosso companheiro Nilm\u00e1rio Miranda. O ent\u00e3o governador de Minas tinha um peso muito grande, ex-presidente da Rep\u00fablica, enfim, a posi\u00e7\u00e3o dele sinalizou para muitos outros. Em 2006 o processo de apoio comum a Lula e A\u00e9cio voltou, tamb\u00e9m pelo fato de que v\u00e1rios partidos integravam simultaneamente as bases do governo federal e estadual.<\/p>\n<p>O ano de 2008, no entanto, trouxe uma caracter\u00edstica nova, foi o momento em que o PT abriu m\u00e3o da prefeitura e a alian\u00e7a com o PSDB se manifestou formalmente, mediada pelo PSB. O que ocorreu em 2002 e 2006 foi \u00e0 revelia do PT. Nesses pleitos n\u00f3s t\u00ednhamos candidato, disputamos as elei\u00e7\u00f5es. Em 2008, por decis\u00e3o majorit\u00e1ria o partido optou por se coligar ao PSB, com o apoio expl\u00edcito do PSDB. Eu penso que ai o PT perdeu muito, perdeu sua cara, sua identidade em BH.<\/p>\n<p>Ent\u00e3o o que acontece de importante em 2012 \u00e9 essa ruptura, que me parece definitiva, um divisor de \u00e1guas, no sentido de deixar claro que dois projetos disputam a hegemonia no Brasil pelo menos desde 1994. N\u00e3o \u00e9 uma quest\u00e3o subjetiva, \u00e9 objetiva: s\u00e3o projetos diferentes, e a base dessa diferen\u00e7a \u00e9 social. Quem colocou a quest\u00e3o social no campo das pol\u00edticas p\u00fablicas, com recursos, com cria\u00e7\u00e3o de minist\u00e9rio, com estrutura foi o governo do presidente Lula. Basta lembrar o Bolsa Fam\u00edlia, os recursos do MDS, as multid\u00f5es que deixaram a pobreza, o enorme contingente que ascendeu \u00e0 classe m\u00e9dia. Outra diferen\u00e7a fundamental \u00e9 o papel do Estado, que adquire perspectiva, estabelece diretrizes, induz o desenvolvimento e se manifesta tamb\u00e9m no campo das pol\u00edticas sociais.<\/p>\n<p>Ent\u00e3o essa linha divis\u00f3ria entre dois projetos tamb\u00e9m se define em BH. A partir de agora o governo municipal, al\u00e9m da persistente oposi\u00e7\u00e3o n\u00e3o-institucional de movimentos como o Fora Lacerda e outros, que j\u00e1 existiam, passa a ter tamb\u00e9m uma oposi\u00e7\u00e3o institucional. E \u00e9 importante dizer que essa divis\u00e3o ficou clara para todo o estado de Minas Gerais.<\/p>\n<p><span style=\"color: #800000;\"><strong><em>Blog: Voc\u00ea disse, no discurso ap\u00f3s o resultado eleitoral, que nem sempre as vit\u00f3rias pol\u00edticas coincidem com as eleitorais&#8230; <\/em><\/strong><\/span><\/p>\n<p><strong><em>Patrus<\/em><\/strong>: N\u00e3o custa lembrar que obtivemos nada menos que 40% dos votos em escassos tr\u00eas meses de campanha. Al\u00e9m disso, h\u00e1 esse divisor de \u00e1guas ao qual me referi, de mostrarmos novamente nossa identidade, por si uma vit\u00f3ria muito importante. Nossa campanha representou um resgate do campo democr\u00e1tico-popular, uma retomada do PT em BH. Tivemos ainda outra conquista vital: possibilitamos que nas elei\u00e7\u00f5es houvesse algum debate sobre a cidade. Se continuasse aquele quadro iniciado em 2008, nosso advers\u00e1rio seria simplesmente homologado.<\/p>\n<p>Nossa participa\u00e7\u00e3o exigiu que ele fosse, se n\u00e3o a todos, pelo menos a alguns confrontos. \u00a0O fato \u00e9 que o advers\u00e1rio terminou fazendo promessas que dificilmente ser\u00e3o cumpridas, distantes que est\u00e3o da realidade do munic\u00edpio. Nesses embates, chegou a incorporar nosso discurso e a repetir nossas palavras, nossas prioridades pol\u00edticas e at\u00e9 existenciais.<\/p>\n<p>Mas n\u00f3s temos nas m\u00e3os o programa dele, e vamos cobrar uma a uma as promessas, junto com o povo de Belo Horizonte, pois felizmente \u00e9 passado o tempo em que se podia brincar impunemente com os desejos e necessidades da popula\u00e7\u00e3o. H\u00e1 um compromisso da minha parte de continuar, de n\u00e3o deixar se perder o que ganhamos no processo eleitoral.<\/p>\n<p><span style=\"color: #800000;\"><strong><em>Blog: Para o PT esse divisor de \u00e1guas tamb\u00e9m \u00e9 fato consumado? Como o partido vai se estruturar para a nova fase? <\/em><\/strong><\/span><\/p>\n<p><strong><em>Patrus<\/em><\/strong>: Eu acho que a gente pode dizer que o partido se recomp\u00f4s em BH, na perspectiva da sua unidade, da sua coes\u00e3o. \u00c9 claro que o PT \u00e9 um partido amplo, democr\u00e1tico, plural, ent\u00e3o n\u00f3s sempre vamos ter conflitos internos, mas a campanha objetivamente colocou o PT num outro patamar em BH. Penso que depois de todo esse processo penoso, que vem no m\u00ednimo desde 2002, come\u00e7amos a viver um reencontro do PT com a cidade. Temos que valorizar muito isso: n\u00f3s recuperamos em grande parte a nossa milit\u00e2ncia hist\u00f3rica, gente que tirou a bandeira do fundo do ba\u00fa, espanou a poeira da estrela e veio para a rua. Incorporamos tamb\u00e9m muita gente nova, os jovens que aderiram com entusiasmo \u00e0 campanha. \u00c9 claro que esse processo tem que continuar.<\/p>\n<p>Digo que o PT precisa buscar uma interlocu\u00e7\u00e3o mais ativa com a sociedade, com os movimentos sociais e demais setores, universidades, igrejas, empres\u00e1rios conscientes e outros partidos de esquerda, al\u00e9m de manter e aprofundar o di\u00e1logo com os partidos que estiveram conosco durante a elei\u00e7\u00e3o: PMDB, PCdoB, PRTB, PSD e o aut\u00eantico PSB. Qual \u00e9 a nossa inten\u00e7\u00e3o daqui pra frente? Mostrar a cara e a for\u00e7a pol\u00edtica do campo democr\u00e1tico-popular.<\/p>\n<p>Temos diversos outros desafios. Um \u00e9 extrair conclus\u00f5es do fato de que quase 30% da cidade optaram pela absten\u00e7\u00e3o, pelo voto nulo ou branco, praticamente um ter\u00e7o do eleitorado. Isso \u00e9 muito s\u00e9rio, com todo respeito a essas pessoas e entendendo suas motiva\u00e7\u00f5es, pois \u00e9 um recado que est\u00e3o dando para os partidos e para n\u00f3s, pol\u00edticos, na quest\u00e3o da \u00e9tica, do compromisso, da compet\u00eancia. No entanto, quando a pessoa se abst\u00e9m de votar est\u00e1 abrindo m\u00e3o da sua condi\u00e7\u00e3o de cidad\u00e3, abdicando da sua dimens\u00e3o coletiva, social, comunit\u00e1ria, como se dissesse: \u201cn\u00e3o tenho nada a ver com isso\u201d. Ao tentar dizer que n\u00e3o tem nada a ver com um tipo de pr\u00e1tica pol\u00edtica, na verdade acaba se divorciando da sociedade, e isso \u00e9 muito ruim, porque a gente s\u00f3 constr\u00f3i uma sociedade justa e democr\u00e1tica com a participa\u00e7\u00e3o das pessoas.<\/p>\n<p><span style=\"color: #800000;\"><strong><em>Blog: Quais as fei\u00e7\u00f5es do embate de 2014? <\/em><\/strong><\/span><\/p>\n<p><strong><em>Patrus<\/em><\/strong>: O PT estadual deve se preparar, do ponto de vista pol\u00edtico e dentro de uma firme unidade, para o desafio de 2014. \u00c9 preciso aprofundar a interlocu\u00e7\u00e3o com o PT Nacional, com o presidente Lula e com a presidenta Dilma, mas tamb\u00e9m a aprimorar a quest\u00e3o program\u00e1tica. O PT-MG precisa atualizar seus procedimentos, estudar profundamente o estado, retomar a forma\u00e7\u00e3o pol\u00edtica, recuperar sua tradi\u00e7\u00e3o de ser um espa\u00e7o pedag\u00f3gico.<\/p>\n<p>Com rela\u00e7\u00e3o aos nossos advers\u00e1rios, eu vi muito, da parte do ex-governador de Minas e atual senador, um grande esfor\u00e7o para neutralizar o PT e mascarar o encolhimento do seu partido. Para isso ele n\u00e3o hesitou em fazer as mais d\u00edspares alian\u00e7as e prestar os mais opostos apoios \u2013 ao PCdoB em Contagem, ao PMDB em Juiz de Fora, ao PRB em Montes Claros \u2013, tentando tamb\u00e9m abafar a derrota do PSDB nessas cidades j\u00e1 no primeiro turno, mesmo com lideran\u00e7as hist\u00f3ricas do partido, como o ex-prefeito de Juiz de Fora. S\u00f3 para exemplificar, em Uberaba o candidato do PSDB ficou em quinto lugar, \u00e0 frente apenas do PPS! Se fosse o PT a fazer essa salada, seria duramente criticado.<\/p>\n<p>A verdade \u00e9 que o PT venceu em 26 das 50 maiores cidades mineiras e colheu nada menos que 755 mil votos a mais que o PSDB no estado. Al\u00e9m disso, o PT ampliou o n\u00famero de munic\u00edpios mineiros que governar\u00e1, enquanto o PSDB diminuiu de tamanho.<\/p>\n<p>H\u00e1 um esfor\u00e7o enorme por parte do ex-governador para controlar tudo em Minas, a opini\u00e3o p\u00fablica, o Legislativo, a imprensa, o Minist\u00e9rio P\u00fablico, at\u00e9 o Judici\u00e1rio, mas as elei\u00e7\u00f5es mostraram que Minas n\u00e3o \u00e9 domin\u00e1vel. Ficou claro o tamanho da resist\u00eancia a essa tentativa, at\u00e9 porque o projeto pol\u00edtico dele \u00e9 muito vazio. Ele fez um governo que n\u00e3o vai deixar marcas para a hist\u00f3ria. Falou que tinha acertado as contas do estado e n\u00f3s estamos vendo a d\u00edvida. O governador atual tamb\u00e9m est\u00e1 enfrentando essas contradi\u00e7\u00f5es.<\/p>\n<p>O fato \u00e9 que eles n\u00e3o conseguiram estabelecer essa hegemonia, mas continuam tentando, e \u00e9 fundamental uma a\u00e7\u00e3o vigorosa do PT para o plano estadual, em sintonia com a Dire\u00e7\u00e3o Nacional, olhando a import\u00e2ncia de Minas e de BH no cen\u00e1rio brasileiro. Em 2014 n\u00f3s estaremos claramente em campos diferentes, numa disputa pela hegemonia no estado e no Brasil. Ele \u00e9 o PSDB, o neoliberalismo colonizado, a exclus\u00e3o da maioria. N\u00f3s somos o PT, os partidos de centro-esquerda, o campo democr\u00e1tico-popular, os movimentos sociais, o pa\u00eds para todos. Somos muito diferentes e Minas est\u00e1 descobrindo isso.<\/p>\n<p><span style=\"color: #800000;\"><strong><em>Blog: Que mensagem o PT deve levar aos mineiros?<\/em><\/strong><\/span><\/p>\n<p><strong><em>Patrus<\/em><\/strong>: Temos que puxar para frente o papel do PT em Minas. Como disse, ampliar a interlocu\u00e7\u00e3o com diversos setores, reafirmar nossa hist\u00f3ria. O PT acumulou muito ao longo das campanhas das quais participou desde 1982, mas n\u00f3s vivemos um novo momento, novos desafios, a quest\u00e3o tecnol\u00f3gica, a ambiental&#8230;<\/p>\n<p>Temos que reconhecer que o Brasil mudou a partir do governo Lula. Uma nova realidade pede novas abordagens. Melhorar expressivamente os servi\u00e7os p\u00fablicos \u00e9 fundamental, na sa\u00fade, no transporte, na educa\u00e7\u00e3o&#8230; Ao mesmo tempo em que \u00e9 preciso manter e ampliar o que foi feito, essa grande rede de prote\u00e7\u00e3o e inclus\u00e3o social que n\u00f3s montamos e da qual o Bolsa Fam\u00edlia \u00e9 refer\u00eancia fundamental, \u00e9 indispens\u00e1vel conect\u00e1-la a servi\u00e7os universais de qualidade. Junto disso, agu\u00e7ar nossa vis\u00e3o do desenvolvimento, investindo em forma\u00e7\u00e3o profissional avan\u00e7ada, em tecnologia limpa e de ponta, fazendo com que a reinser\u00e7\u00e3o de Minas no ciclo produtivo nacional e internacional se d\u00ea noutro patamar, menos dependente de um ou dois setores da economia, dando vaz\u00e3o a suas m\u00faltiplas voca\u00e7\u00f5es, agregando valor, sustentabilidade, efici\u00eancia e, principalmente, muito mais justi\u00e7a social.<\/p>\n","protected":false},"excerpt":{"rendered":"<p>O Estado de Minas Gerais resiste \u00e0s tentativas de domina\u00e7\u00e3o que as lideran\u00e7as regionais do PSDB est\u00e3o tentando implantar. Na avalia\u00e7\u00e3o de Patrus Ananias, esse foi um dos principais recados que os mineiros e mineiras deram nesta \u00faltima elei\u00e7\u00e3o. O ex-ministro do Desenvolvimento Social e Combate \u00e0 Fome, em entrevista aos jornalistas Ana Paola Amorim, &hellip; <\/p>\n<p class=\"link-more\"><a href=\"https:\/\/patrusananias.com.br\/blog\/minas-mandou-dizer-que-nao-tem-dono-2\/\" class=\"more-link\">Continue lendo<span class=\"screen-reader-text\"> &#8220;Minas mandou dizer que n\u00e3o tem dono&#8221;<\/span><\/a><\/p>\n","protected":false},"author":2,"featured_media":0,"comment_status":"open","ping_status":"open","sticky":false,"template":"","format":"standard","meta":{"footnotes":""},"categories":[11,22,10,16,17],"tags":[],"views":627,"_links":{"self":[{"href":"https:\/\/patrusananias.com.br\/blog\/wp-json\/wp\/v2\/posts\/668"}],"collection":[{"href":"https:\/\/patrusananias.com.br\/blog\/wp-json\/wp\/v2\/posts"}],"about":[{"href":"https:\/\/patrusananias.com.br\/blog\/wp-json\/wp\/v2\/types\/post"}],"author":[{"embeddable":true,"href":"https:\/\/patrusananias.com.br\/blog\/wp-json\/wp\/v2\/users\/2"}],"replies":[{"embeddable":true,"href":"https:\/\/patrusananias.com.br\/blog\/wp-json\/wp\/v2\/comments?post=668"}],"version-history":[{"count":1,"href":"https:\/\/patrusananias.com.br\/blog\/wp-json\/wp\/v2\/posts\/668\/revisions"}],"predecessor-version":[{"id":6481,"href":"https:\/\/patrusananias.com.br\/blog\/wp-json\/wp\/v2\/posts\/668\/revisions\/6481"}],"wp:attachment":[{"href":"https:\/\/patrusananias.com.br\/blog\/wp-json\/wp\/v2\/media?parent=668"}],"wp:term":[{"taxonomy":"category","embeddable":true,"href":"https:\/\/patrusananias.com.br\/blog\/wp-json\/wp\/v2\/categories?post=668"},{"taxonomy":"post_tag","embeddable":true,"href":"https:\/\/patrusananias.com.br\/blog\/wp-json\/wp\/v2\/tags?post=668"}],"curies":[{"name":"wp","href":"https:\/\/api.w.org\/{rel}","templated":true}]}}