{"id":5488,"date":"2021-11-20T17:32:00","date_gmt":"2021-11-20T20:32:00","guid":{"rendered":"https:\/\/patrusananias.com.br\/blog\/?p=5488"},"modified":"2022-11-03T10:55:40","modified_gmt":"2022-11-03T13:55:40","slug":"em-teofilo-otoni-lancamento-da-pre-candidatura-de-daniel-sucupira-ao-governo-de-minas","status":"publish","type":"post","link":"https:\/\/patrusananias.com.br\/blog\/em-teofilo-otoni-lancamento-da-pre-candidatura-de-daniel-sucupira-ao-governo-de-minas\/","title":{"rendered":"Em Te\u00f3filo Otoni, lan\u00e7amento da pr\u00e9-candidatura de Daniel Sucupira ao governo de Minas"},"content":{"rendered":"\t\t<div data-elementor-type=\"wp-post\" data-elementor-id=\"5488\" class=\"elementor elementor-5488\" data-elementor-post-type=\"post\">\n\t\t\t\t\t\t<section class=\"elementor-section elementor-top-section elementor-element elementor-element-daa576a elementor-section-boxed elementor-section-height-default elementor-section-height-default\" data-id=\"daa576a\" data-element_type=\"section\">\n\t\t\t\t\t\t<div class=\"elementor-container elementor-column-gap-default\">\n\t\t\t\t\t<div class=\"elementor-column elementor-col-100 elementor-top-column elementor-element elementor-element-325fce6\" data-id=\"325fce6\" data-element_type=\"column\">\n\t\t\t<div class=\"elementor-widget-wrap elementor-element-populated\">\n\t\t\t\t\t\t<div class=\"elementor-element elementor-element-291e7b8 elementor-widget elementor-widget-text-editor\" data-id=\"291e7b8\" data-element_type=\"widget\" data-widget_type=\"text-editor.default\">\n\t\t\t\t<div class=\"elementor-widget-container\">\n\t\t\t\t\t\t\t\t\t<p>Lorem ipsum dolor sit amet, consectetur adipiscing elit. Ut elit tellus, luctus nec ullamcorper mattis, pulvinar dapibus leo.\u00a0<span style=\"color: var( --e-global-color-text ); font-family: var( --e-global-typography-text-font-family ), Sans-serif; font-weight: var( --e-global-typography-text-font-weight );\">\u00daltimo compromisso da viagem pelos vales do Rio Doce e do Mucuri, participei na manh\u00e3 deste s\u00e1bado (20\/11) em Te\u00f3filo Otoni de um encontr\u00e3o que reuniu dezenas de militantes do Partido dos Trabalhadores e de outros partidos na regi\u00e3o, que deu o pontap\u00e9 para a pr\u00e9-candidatura do prefeito de Te\u00f3filo Otoni, <\/span><a style=\"font-family: var( --e-global-typography-text-font-family ), Sans-serif; font-weight: var( --e-global-typography-text-font-weight ); background-color: #ffffff;\" href=\"https:\/\/www.facebook.com\/prefeitodanielsucupira\/?__cft__%5b0%5d=AZXAUSKJkpS-73JnQ6ak6D0H8AS3L2769va7cqa3xWMG9_TuXAEoefGixx5dO_bzQRQJqaZIGHkI3ww_pMNpCnn3c9LPTfChBINLC0wHK_ZVvlKXKVHgEWpAUhr3JbtZqEco65cMlACb-hsOAs0kqWdqX3SwfcyxkVwzX8lbmQbWIa3wPo-QaZT-6J1IEWlNEQk&amp;__tn__=kK-R\">Daniel Sucupira<\/a><span style=\"color: var( --e-global-color-text ); font-family: var( --e-global-typography-text-font-family ), Sans-serif; font-weight: var( --e-global-typography-text-font-weight );\"> (PT), para o governo de Minas Gerais.<\/span><\/p><p>\u00a0<\/p><p>\u00a0<span style=\"color: var( --e-global-color-text ); font-family: var( --e-global-typography-text-font-family ), Sans-serif; font-weight: var( --e-global-typography-text-font-weight );\">Na minha fala, pontuei o cen\u00e1rio de destrui\u00e7\u00e3o promovido pelo governo federal e a necessidade de retomarmos o rumo do desenvolvimento, sob a extraordin\u00e1ria lideran\u00e7a do presidente <\/span><a style=\"font-family: var( --e-global-typography-text-font-family ), Sans-serif; font-weight: var( --e-global-typography-text-font-weight ); background-color: #ffffff;\" href=\"https:\/\/www.facebook.com\/Lula\/?__cft__%5b0%5d=AZXAUSKJkpS-73JnQ6ak6D0H8AS3L2769va7cqa3xWMG9_TuXAEoefGixx5dO_bzQRQJqaZIGHkI3ww_pMNpCnn3c9LPTfChBINLC0wHK_ZVvlKXKVHgEWpAUhr3JbtZqEco65cMlACb-hsOAs0kqWdqX3SwfcyxkVwzX8lbmQbWIa3wPo-QaZT-6J1IEWlNEQk&amp;__tn__=kK-R\">Lula<\/a><span style=\"color: var( --e-global-color-text ); font-family: var( --e-global-typography-text-font-family ), Sans-serif; font-weight: var( --e-global-typography-text-font-weight );\"> .O projeto de elei\u00e7\u00e3o de Lula est\u00e1 bem definido em n\u00edvel nacional e \u00e9 nossa prioridade.<\/span><\/p><p>\u00a0<\/p><p><span style=\"color: var( --e-global-color-text ); font-family: var( --e-global-typography-text-font-family ), Sans-serif; font-weight: var( --e-global-typography-text-font-weight );\">Em Minas Gerais, no entanto, a situa\u00e7\u00e3o pol\u00edtica \u00e9 diferente. Sem querer fazer cr\u00edticas a ningu\u00e9m, a verdade \u00e9 que o Partido dos Trabalhadores em Minas ainda n\u00e3o discutiu o processo eleitoral de 2022. N\u00e3o constru\u00edmos um projeto para Minas Gerais, para ajudarmos Lula a derrotar Bolsonaro e o bolsonarismo, que aqui tem um aliado de primeira hora: o governador Zema.<\/span><\/p><p>\u00a0<\/p><p><span style=\"color: var( --e-global-color-text ); font-family: var( --e-global-typography-text-font-family ), Sans-serif; font-weight: var( --e-global-typography-text-font-weight );\">Disse no encontro e reitero que nosso grande desafio \u00e9 come\u00e7armos a pautar o que n\u00f3s queremos para Minas, \u00e0 luz dos nossos compromissos e neste contexto do projeto nacional. Minas n\u00e3o pode ficar em sil\u00eancio. O presidente Lula espera isso de n\u00f3s.<\/span><\/p><p>\u00a0<\/p><p><span style=\"color: var( --e-global-color-text ); font-family: var( --e-global-typography-text-font-family ), Sans-serif; font-weight: var( --e-global-typography-text-font-weight );\">\u00c9 nesse sentido que, desde o in\u00edcio, demonstrei minha simpatia ao nome do prefeito Daniel Sucupira como pr\u00e9-candidato ao governo de Minas Gerais. Uma lideran\u00e7a jovem, comprometida, promissora, que j\u00e1 mostrou a que veio, como secret\u00e1rio da nossa saudosa Maria Jos\u00e9 Hauesein; como vereador; como militante social desde a sua juventude e como prefeito eleito e reeleito de Te\u00f3filo Otoni.<\/span><\/p><p>\u00a0<\/p><p><span style=\"color: var( --e-global-color-text ); font-family: var( --e-global-typography-text-font-family ), Sans-serif; font-weight: var( --e-global-typography-text-font-weight );\">A pr\u00e9-candidatura de Daniel Sucupira vai nos permitir discutirmos o nosso estado. Ser\u00e1 uma boa nova para o nosso povo de Minas e sem d\u00favida vai unir for\u00e7as para garantir a elei\u00e7\u00e3o do presidente Lula.<\/span><\/p><p>\u00a0<\/p><p>\u00a0<\/p>\t\t\t\t\t\t\t\t<\/div>\n\t\t\t\t<\/div>\n\t\t\t\t\t<\/div>\n\t\t<\/div>\n\t\t\t\t\t<\/div>\n\t\t<\/section>\n\t\t\t\t<section class=\"elementor-section elementor-top-section elementor-element elementor-element-9901069 elementor-section-boxed elementor-section-height-default elementor-section-height-default\" data-id=\"9901069\" data-element_type=\"section\">\n\t\t\t\t\t\t<div class=\"elementor-container elementor-column-gap-default\">\n\t\t\t\t\t<div class=\"elementor-column elementor-col-100 elementor-top-column elementor-element elementor-element-f6bbba1\" data-id=\"f6bbba1\" data-element_type=\"column\">\n\t\t\t<div class=\"elementor-widget-wrap elementor-element-populated\">\n\t\t\t\t\t\t<div class=\"elementor-element elementor-element-35449eb elementor-widget elementor-widget-gallery\" data-id=\"35449eb\" data-element_type=\"widget\" data-settings=\"{&quot;lazyload&quot;:&quot;yes&quot;,&quot;gallery_layout&quot;:&quot;grid&quot;,&quot;columns&quot;:4,&quot;columns_tablet&quot;:2,&quot;columns_mobile&quot;:1,&quot;gap&quot;:{&quot;unit&quot;:&quot;px&quot;,&quot;size&quot;:10,&quot;sizes&quot;:[]},&quot;gap_tablet&quot;:{&quot;unit&quot;:&quot;px&quot;,&quot;size&quot;:10,&quot;sizes&quot;:[]},&quot;gap_mobile&quot;:{&quot;unit&quot;:&quot;px&quot;,&quot;size&quot;:10,&quot;sizes&quot;:[]},&quot;link_to&quot;:&quot;file&quot;,&quot;aspect_ratio&quot;:&quot;3:2&quot;,&quot;overlay_background&quot;:&quot;yes&quot;,&quot;content_hover_animation&quot;:&quot;fade-in&quot;}\" data-widget_type=\"gallery.default\">\n\t\t\t\t<div class=\"elementor-widget-container\">\n\t\t\t\t\t\t\t<div class=\"elementor-gallery__container\">\n\t\t\t\t\t\t\t<a class=\"e-gallery-item elementor-gallery-item elementor-animated-content\" href=\"https:\/\/patrusananias.com.br\/blog\/wp-content\/uploads\/2021\/12\/sucu2.jpg\" data-elementor-open-lightbox=\"yes\" data-elementor-lightbox-slideshow=\"35449eb\" data-elementor-lightbox-title=\"sucu2\" data-e-action-hash=\"#elementor-action%3Aaction%3Dlightbox%26settings%3DeyJpZCI6NTQ5MSwidXJsIjoiaHR0cHM6XC9cL3BhdHJ1c2FuYW5pYXMuY29tLmJyXC9ibG9nXC93cC1jb250ZW50XC91cGxvYWRzXC8yMDIxXC8xMlwvc3VjdTIuanBnIiwic2xpZGVzaG93IjoiMzU0NDllYiJ9\">\n\t\t\t\t\t<div class=\"e-gallery-image elementor-gallery-item__image\" data-thumbnail=\"https:\/\/patrusananias.com.br\/blog\/wp-content\/uploads\/2021\/12\/sucu2-300x225.jpg\" data-width=\"300\" data-height=\"225\" aria-label=\"\" role=\"img\" ><\/div>\n\t\t\t\t\t\t\t\t\t\t\t<div class=\"elementor-gallery-item__overlay\"><\/div>\n\t\t\t\t\t\t\t\t\t\t\t\t\t\t<\/a>\n\t\t\t\t\t\t\t<a class=\"e-gallery-item elementor-gallery-item elementor-animated-content\" href=\"https:\/\/patrusananias.com.br\/blog\/wp-content\/uploads\/2021\/12\/sucu3.jpg\" data-elementor-open-lightbox=\"yes\" data-elementor-lightbox-slideshow=\"35449eb\" data-elementor-lightbox-title=\"sucu3\" data-e-action-hash=\"#elementor-action%3Aaction%3Dlightbox%26settings%3DeyJpZCI6NTQ5MiwidXJsIjoiaHR0cHM6XC9cL3BhdHJ1c2FuYW5pYXMuY29tLmJyXC9ibG9nXC93cC1jb250ZW50XC91cGxvYWRzXC8yMDIxXC8xMlwvc3VjdTMuanBnIiwic2xpZGVzaG93IjoiMzU0NDllYiJ9\">\n\t\t\t\t\t<div class=\"e-gallery-image elementor-gallery-item__image\" data-thumbnail=\"https:\/\/patrusananias.com.br\/blog\/wp-content\/uploads\/2021\/12\/sucu3-300x225.jpg\" data-width=\"300\" data-height=\"225\" aria-label=\"\" role=\"img\" ><\/div>\n\t\t\t\t\t\t\t\t\t\t\t<div class=\"elementor-gallery-item__overlay\"><\/div>\n\t\t\t\t\t\t\t\t\t\t\t\t\t\t<\/a>\n\t\t\t\t\t\t\t<a class=\"e-gallery-item elementor-gallery-item elementor-animated-content\" href=\"https:\/\/patrusananias.com.br\/blog\/wp-content\/uploads\/2021\/12\/sucu4.jpg\" data-elementor-open-lightbox=\"yes\" data-elementor-lightbox-slideshow=\"35449eb\" data-elementor-lightbox-title=\"sucu4\" data-e-action-hash=\"#elementor-action%3Aaction%3Dlightbox%26settings%3DeyJpZCI6NTQ5NCwidXJsIjoiaHR0cHM6XC9cL3BhdHJ1c2FuYW5pYXMuY29tLmJyXC9ibG9nXC93cC1jb250ZW50XC91cGxvYWRzXC8yMDIxXC8xMlwvc3VjdTQuanBnIiwic2xpZGVzaG93IjoiMzU0NDllYiJ9\">\n\t\t\t\t\t<div class=\"e-gallery-image elementor-gallery-item__image\" data-thumbnail=\"https:\/\/patrusananias.com.br\/blog\/wp-content\/uploads\/2021\/12\/sucu4-300x225.jpg\" data-width=\"300\" data-height=\"225\" aria-label=\"\" role=\"img\" ><\/div>\n\t\t\t\t\t\t\t\t\t\t\t<div class=\"elementor-gallery-item__overlay\"><\/div>\n\t\t\t\t\t\t\t\t\t\t\t\t\t\t<\/a>\n\t\t\t\t\t\t\t<a class=\"e-gallery-item elementor-gallery-item elementor-animated-content\" href=\"https:\/\/patrusananias.com.br\/blog\/wp-content\/uploads\/2021\/12\/sucu5.jpg\" data-elementor-open-lightbox=\"yes\" data-elementor-lightbox-slideshow=\"35449eb\" data-elementor-lightbox-title=\"sucu5\" data-e-action-hash=\"#elementor-action%3Aaction%3Dlightbox%26settings%3DeyJpZCI6NTQ5NSwidXJsIjoiaHR0cHM6XC9cL3BhdHJ1c2FuYW5pYXMuY29tLmJyXC9ibG9nXC93cC1jb250ZW50XC91cGxvYWRzXC8yMDIxXC8xMlwvc3VjdTUuanBnIiwic2xpZGVzaG93IjoiMzU0NDllYiJ9\">\n\t\t\t\t\t<div class=\"e-gallery-image elementor-gallery-item__image\" data-thumbnail=\"https:\/\/patrusananias.com.br\/blog\/wp-content\/uploads\/2021\/12\/sucu5-300x225.jpg\" data-width=\"300\" data-height=\"225\" aria-label=\"\" role=\"img\" ><\/div>\n\t\t\t\t\t\t\t\t\t\t\t<div class=\"elementor-gallery-item__overlay\"><\/div>\n\t\t\t\t\t\t\t\t\t\t\t\t\t\t<\/a>\n\t\t\t\t\t\t\t<a class=\"e-gallery-item elementor-gallery-item elementor-animated-content\" href=\"https:\/\/patrusananias.com.br\/blog\/wp-content\/uploads\/2021\/12\/sucu6.jpg\" data-elementor-open-lightbox=\"yes\" data-elementor-lightbox-slideshow=\"35449eb\" data-elementor-lightbox-title=\"sucu6\" data-e-action-hash=\"#elementor-action%3Aaction%3Dlightbox%26settings%3DeyJpZCI6NTQ5NiwidXJsIjoiaHR0cHM6XC9cL3BhdHJ1c2FuYW5pYXMuY29tLmJyXC9ibG9nXC93cC1jb250ZW50XC91cGxvYWRzXC8yMDIxXC8xMlwvc3VjdTYuanBnIiwic2xpZGVzaG93IjoiMzU0NDllYiJ9\">\n\t\t\t\t\t<div class=\"e-gallery-image elementor-gallery-item__image\" data-thumbnail=\"https:\/\/patrusananias.com.br\/blog\/wp-content\/uploads\/2021\/12\/sucu6-300x225.jpg\" data-width=\"300\" data-height=\"225\" aria-label=\"\" role=\"img\" ><\/div>\n\t\t\t\t\t\t\t\t\t\t\t<div class=\"elementor-gallery-item__overlay\"><\/div>\n\t\t\t\t\t\t\t\t\t\t\t\t\t\t<\/a>\n\t\t\t\t\t<\/div>\n\t\t\t\t\t<\/div>\n\t\t\t\t<\/div>\n\t\t\t\t\t<\/div>\n\t\t<\/div>\n\t\t\t\t\t<\/div>\n\t\t<\/section>\n\t\t\t\t<\/div>\n\t\t","protected":false},"excerpt":{"rendered":"<p>Lorem ipsum dolor sit amet, consectetur adipiscing elit. Ut elit tellus, luctus nec ullamcorper mattis, pulvinar dapibus leo.\u00a0\u00daltimo compromisso da viagem pelos vales do Rio Doce e do Mucuri, participei na manh\u00e3 deste s\u00e1bado (20\/11) em Te\u00f3filo Otoni de um encontr\u00e3o que reuniu dezenas de militantes do Partido dos Trabalhadores e de outros partidos na &hellip; <\/p>\n<p class=\"link-more\"><a href=\"https:\/\/patrusananias.com.br\/blog\/em-teofilo-otoni-lancamento-da-pre-candidatura-de-daniel-sucupira-ao-governo-de-minas\/\" class=\"more-link\">Continue lendo<span class=\"screen-reader-text\"> &#8220;Em Te\u00f3filo Otoni, lan\u00e7amento da pr\u00e9-candidatura de Daniel Sucupira ao governo de Minas&#8221;<\/span><\/a><\/p>\n","protected":false},"author":1,"featured_media":5489,"comment_status":"open","ping_status":"open","sticky":false,"template":"","format":"standard","meta":{"footnotes":""},"categories":[10],"tags":[],"views":303,"_links":{"self":[{"href":"https:\/\/patrusananias.com.br\/blog\/wp-json\/wp\/v2\/posts\/5488"}],"collection":[{"href":"https:\/\/patrusananias.com.br\/blog\/wp-json\/wp\/v2\/posts"}],"about":[{"href":"https:\/\/patrusananias.com.br\/blog\/wp-json\/wp\/v2\/types\/post"}],"author":[{"embeddable":true,"href":"https:\/\/patrusananias.com.br\/blog\/wp-json\/wp\/v2\/users\/1"}],"replies":[{"embeddable":true,"href":"https:\/\/patrusananias.com.br\/blog\/wp-json\/wp\/v2\/comments?post=5488"}],"version-history":[{"count":4,"href":"https:\/\/patrusananias.com.br\/blog\/wp-json\/wp\/v2\/posts\/5488\/revisions"}],"predecessor-version":[{"id":5499,"href":"https:\/\/patrusananias.com.br\/blog\/wp-json\/wp\/v2\/posts\/5488\/revisions\/5499"}],"wp:featuredmedia":[{"embeddable":true,"href":"https:\/\/patrusananias.com.br\/blog\/wp-json\/wp\/v2\/media\/5489"}],"wp:attachment":[{"href":"https:\/\/patrusananias.com.br\/blog\/wp-json\/wp\/v2\/media?parent=5488"}],"wp:term":[{"taxonomy":"category","embeddable":true,"href":"https:\/\/patrusananias.com.br\/blog\/wp-json\/wp\/v2\/categories?post=5488"},{"taxonomy":"post_tag","embeddable":true,"href":"https:\/\/patrusananias.com.br\/blog\/wp-json\/wp\/v2\/tags?post=5488"}],"curies":[{"name":"wp","href":"https:\/\/api.w.org\/{rel}","templated":true}]}}