{"id":5443,"date":"2021-11-30T16:43:00","date_gmt":"2021-11-30T19:43:00","guid":{"rendered":"https:\/\/patrusananias.com.br\/blog\/?p=5443"},"modified":"2022-11-03T10:56:12","modified_gmt":"2022-11-03T13:56:12","slug":"homenagem-a-frei-claudio-e-a-antonio-pinheiro","status":"publish","type":"post","link":"https:\/\/patrusananias.com.br\/blog\/homenagem-a-frei-claudio-e-a-antonio-pinheiro\/","title":{"rendered":"Homenagem a Frei Cl\u00e1udio e a Ant\u00f4nio Pinheiro"},"content":{"rendered":"\t\t<div data-elementor-type=\"wp-post\" data-elementor-id=\"5443\" class=\"elementor elementor-5443\" data-elementor-post-type=\"post\">\n\t\t\t\t\t\t<section class=\"elementor-section elementor-top-section elementor-element elementor-element-52d5792 elementor-section-boxed elementor-section-height-default elementor-section-height-default\" data-id=\"52d5792\" data-element_type=\"section\">\n\t\t\t\t\t\t<div class=\"elementor-container elementor-column-gap-default\">\n\t\t\t\t\t<div class=\"elementor-column elementor-col-100 elementor-top-column elementor-element elementor-element-36d0c61\" data-id=\"36d0c61\" data-element_type=\"column\">\n\t\t\t<div class=\"elementor-widget-wrap elementor-element-populated\">\n\t\t\t\t\t\t<div class=\"elementor-element elementor-element-4e694c5 elementor-widget elementor-widget-text-editor\" data-id=\"4e694c5\" data-element_type=\"widget\" data-widget_type=\"text-editor.default\">\n\t\t\t\t<div class=\"elementor-widget-container\">\n\t\t\t\t\t\t\t\t\t<p><span style=\"color: var( --e-global-color-text ); font-family: var( --e-global-typography-text-font-family ), Sans-serif; font-weight: var( --e-global-typography-text-font-weight );\">Prestei homenagem hoje (30\/11) na C\u00e2mara Federal a duas\npessoas especiais, que contribu\u00edram para o desenvolvimento de Belo Horizonte e\ndas comunidades mais pobres, sendo exemplos de comportamento \u00e9tico e moral, e\nque nos deixaram recentemente: Frei Cl\u00e1udio Van Balen, da Par\u00f3quia Nossa\nSenhora do Carmo, e ao ex-vereador Ant\u00f4nio Pinheiro.<\/span><\/p><p>Conheci Frei Cl\u00e1udio nos anos 1970, logo ap\u00f3s o meu desembarque definitivo em\nBelo Horizonte, vindo da minha terra natal, Bocaiuva (MG).<br>\n<br>\nA Par\u00f3quia do Carmo, sob as lideran\u00e7as prof\u00e9ticas de Frei Cl\u00e1udio e de Frei\nCarlos Mesters, hoje com 90 anos e com quem estive recentemente, tornou-se uma\nrefer\u00eancia nas nossas inquieta\u00e7\u00f5es espirituais, um espa\u00e7o de encontros,\nreflex\u00f5es e a\u00e7\u00f5es contra a ditadura.<br>\n<br>\nViv\u00edamos o despertar das comunidades eclesiais de base, dos c\u00edrculos b\u00edblicos,\ndas pastorais comprometidas com a vida, com os empobrecidos, com a justi\u00e7a\nsocial, com os valores e os procedimentos democr\u00e1ticos.<br>\n<br>\nA amizade com Frei Cl\u00e1udio estendeu-se atrav\u00e9s dos anos, nas d\u00e9cadas finais do\ns\u00e9culo XX e nas d\u00e9cadas inaugurais do s\u00e9culo XXI. Amizade que se tornou\nfamiliar. Vera e eu tivemos a alegria de t\u00ea-lo conosco em nossa casa,\npartilhando a mesa.<br>\nAcompanhamos, pessoalmente e atrav\u00e9s de seus livros e textos, a sua bel\u00edssima\ntrajet\u00f3ria, sempre inspirada nos ensinamentos e exemplos de Jesus.<br>\n<br>\nFrei Cl\u00e1udio continuar\u00e1 vivo e presente nas nossas lembran\u00e7as e cora\u00e7\u00f5es.\nContinuar\u00e1 vivo, sobretudo, na nossa fidelidade aos sonhos e compromissos que\ninspiraram sua vida.<br>\n<br>\nConheci Ant\u00f4nio Pinheiro nas nossas andan\u00e7as por Belo Horizonte, sempre na\nfidelidade aos compromissos com a vida, a democracia, a inclus\u00e3o e a\nemancipa\u00e7\u00e3o dos marginalizados e oprimidos.<br>\n<br>\nAprofundamos o nosso di\u00e1logo na conviv\u00eancia fraterna na C\u00e2mara Municipal de\nBelo Horizonte, na saudosa e fecunda legislatura de 1989-1992, quando fui\nrelator da Lei Org\u00e2nica da capital mineira, e tive em Pinheiro mais do que um\ninterlocutor, uma refer\u00eancia e um conselheiro.<br>\n<br>\nPrefeito de Belo Horizonte, e Ant\u00f4nio Pinheiro reeleito vereador, mantivemos e\naprofundamos o nosso di\u00e1logo sempre voltado para \u201cos que t\u00eam fome e sede de\njusti\u00e7a\u201d, os preferidos de Jesus de Nazar\u00e9.<br>\n<br>\nQuando entregamos o t\u00edtulo de cidad\u00e3o honor\u00e1rio a Dom H\u00e9lder C\u00e2mara, foi na\ncasa fraterna e acolhedora de Ant\u00f4nio Pinheiro que reunimos alguns amigos e\nadmiradores para um almo\u00e7o de confraterniza\u00e7\u00e3o, com o inesquec\u00edvel profeta da\nIgreja e do povo brasileiro.<br>\n<br>\nNossos sentimentos \u00e0 fam\u00edlia de Ant\u00f4nio Pinheiro e de maneira especial ao seu\nfilho e amigo, o jornalista Chico Pinheiro.<br>\n<br>\nO homem p\u00fablico Ant\u00f4nio Pereira e o religioso Frei Cl\u00e1udio s\u00e3o exemplos de\nconduta \u00e9tica, moral e de contribui\u00e7\u00e3o para o bem comum, que v\u00e3o al\u00e9m das\ncomunidades de Belo Horizonte. Importantes exemplos principalmente nesses\ntempos obscuros em que resistimos aos mais graves retrocessos impostos por este\ndesgoverno Bolsonaro, que amea\u00e7am o Estado Democr\u00e1tico de Direito, as pol\u00edticas\np\u00fablicas que promovem a vida, a sa\u00fade, a educa\u00e7\u00e3o, a assist\u00eancia social, enfim,\no bem-estar da popula\u00e7\u00e3o, especialmente o dos mais pobres, que se encontram\nainda mais vulner\u00e1veis com a volta da fome e da mis\u00e9ria.<br>\n<br>\nA eles, nosso agradecimento pelo exemplo de vida e de dedica\u00e7\u00e3o \u00e0 luta pela\njusti\u00e7a social e pela democracia.<o:p><\/o:p><\/p>\t\t\t\t\t\t\t\t<\/div>\n\t\t\t\t<\/div>\n\t\t\t\t\t<\/div>\n\t\t<\/div>\n\t\t\t\t\t<\/div>\n\t\t<\/section>\n\t\t\t\t<\/div>\n\t\t","protected":false},"excerpt":{"rendered":"<p>Prestei homenagem hoje (30\/11) na C\u00e2mara Federal a duas pessoas especiais, que contribu\u00edram para o desenvolvimento de Belo Horizonte e das comunidades mais pobres, sendo exemplos de comportamento \u00e9tico e moral, e que nos deixaram recentemente: Frei Cl\u00e1udio Van Balen, da Par\u00f3quia Nossa Senhora do Carmo, e ao ex-vereador Ant\u00f4nio Pinheiro. Conheci Frei Cl\u00e1udio nos &hellip; <\/p>\n<p class=\"link-more\"><a href=\"https:\/\/patrusananias.com.br\/blog\/homenagem-a-frei-claudio-e-a-antonio-pinheiro\/\" class=\"more-link\">Continue lendo<span class=\"screen-reader-text\"> &#8220;Homenagem a Frei Cl\u00e1udio e a Ant\u00f4nio Pinheiro&#8221;<\/span><\/a><\/p>\n","protected":false},"author":1,"featured_media":5444,"comment_status":"open","ping_status":"open","sticky":false,"template":"","format":"standard","meta":{"footnotes":""},"categories":[418],"tags":[],"views":242,"_links":{"self":[{"href":"https:\/\/patrusananias.com.br\/blog\/wp-json\/wp\/v2\/posts\/5443"}],"collection":[{"href":"https:\/\/patrusananias.com.br\/blog\/wp-json\/wp\/v2\/posts"}],"about":[{"href":"https:\/\/patrusananias.com.br\/blog\/wp-json\/wp\/v2\/types\/post"}],"author":[{"embeddable":true,"href":"https:\/\/patrusananias.com.br\/blog\/wp-json\/wp\/v2\/users\/1"}],"replies":[{"embeddable":true,"href":"https:\/\/patrusananias.com.br\/blog\/wp-json\/wp\/v2\/comments?post=5443"}],"version-history":[{"count":4,"href":"https:\/\/patrusananias.com.br\/blog\/wp-json\/wp\/v2\/posts\/5443\/revisions"}],"predecessor-version":[{"id":5448,"href":"https:\/\/patrusananias.com.br\/blog\/wp-json\/wp\/v2\/posts\/5443\/revisions\/5448"}],"wp:featuredmedia":[{"embeddable":true,"href":"https:\/\/patrusananias.com.br\/blog\/wp-json\/wp\/v2\/media\/5444"}],"wp:attachment":[{"href":"https:\/\/patrusananias.com.br\/blog\/wp-json\/wp\/v2\/media?parent=5443"}],"wp:term":[{"taxonomy":"category","embeddable":true,"href":"https:\/\/patrusananias.com.br\/blog\/wp-json\/wp\/v2\/categories?post=5443"},{"taxonomy":"post_tag","embeddable":true,"href":"https:\/\/patrusananias.com.br\/blog\/wp-json\/wp\/v2\/tags?post=5443"}],"curies":[{"name":"wp","href":"https:\/\/api.w.org\/{rel}","templated":true}]}}