{"id":5419,"date":"2021-12-03T14:30:00","date_gmt":"2021-12-03T17:30:00","guid":{"rendered":"https:\/\/patrusananias.com.br\/blog\/?p=5419"},"modified":"2022-11-03T10:55:40","modified_gmt":"2022-11-03T13:55:40","slug":"em-ipatinga-e-nova-era-debates-sobre-conjuntura-e-um-projeto-para-minas","status":"publish","type":"post","link":"https:\/\/patrusananias.com.br\/blog\/em-ipatinga-e-nova-era-debates-sobre-conjuntura-e-um-projeto-para-minas\/","title":{"rendered":"Em Ipatinga e Nova Era, debates sobre conjuntura e um projeto para Minas"},"content":{"rendered":"\t\t<div data-elementor-type=\"wp-post\" data-elementor-id=\"5419\" class=\"elementor elementor-5419\" data-elementor-post-type=\"post\">\n\t\t\t\t\t\t<section class=\"elementor-section elementor-top-section elementor-element elementor-element-d3ce6c6 elementor-section-boxed elementor-section-height-default elementor-section-height-default\" data-id=\"d3ce6c6\" data-element_type=\"section\">\n\t\t\t\t\t\t<div class=\"elementor-container elementor-column-gap-default\">\n\t\t\t\t\t<div class=\"elementor-column elementor-col-100 elementor-top-column elementor-element elementor-element-a1726f3\" data-id=\"a1726f3\" data-element_type=\"column\">\n\t\t\t<div class=\"elementor-widget-wrap elementor-element-populated\">\n\t\t\t\t\t\t<div class=\"elementor-element elementor-element-71f8e60 elementor-widget elementor-widget-text-editor\" data-id=\"71f8e60\" data-element_type=\"widget\" data-widget_type=\"text-editor.default\">\n\t\t\t\t<div class=\"elementor-widget-container\">\n\t\t\t\t\t\t\t\t\t<p><span style=\"color: var( --e-global-color-text ); font-family: var( --e-global-typography-text-font-family ), Sans-serif; font-weight: var( --e-global-typography-text-font-weight );\">\u201cUm projeto pol\u00edtico \u00e9 sempre maior do que a gente, e ningu\u00e9m faz nada sozinho\u201d. Em Ipatinga, na noite desta quinta-feira (02\/12), conversei com militantes e lideran\u00e7as do Partido dos Trabalhadores, alguns hist\u00f3ricos, como o Ti\u00e3o dos Santos, autor dessa frase que resume nosso sentimento quanto ao nosso projeto para o pa\u00eds.<\/span><\/p><p><span style=\"color: var( --e-global-color-text ); font-family: var( --e-global-typography-text-font-family ), Sans-serif; font-weight: var( --e-global-typography-text-font-weight );\">Tamb\u00e9m estavam l\u00e1 o m\u00e9dico M\u00e1rcio de Castro; a ex-vereadora <\/span><a href=\"https:\/\/www.facebook.com\/LeneTeixeira13\/?__cft__%5b0%5d=AZWsuxp1JQ3sBY5kXwFvvtqMPxP9KZpx6PoMiSK4GSGLOqEtTK2RM3D0cBhGocVCkFn9tE5UlKWOK7VSe0c0aXfiddcy4ayoZSZ0__ROBi7sxF2cJJyTZ8BX00FabNxDgK83xEc1ekkvVyAeIy-RKgpMaRtv3OfMfVJcVUTEIFWGpy8-ApWmZJbOnjqy4__8_9E&amp;__tn__=kK-R\" style=\"font-family: var( --e-global-typography-text-font-family ), Sans-serif; font-weight: var( --e-global-typography-text-font-weight ); background-color: rgb(255, 255, 255);\">Lene Teixeira<\/a><span style=\"color: var( --e-global-color-text ); font-family: var( --e-global-typography-text-font-family ), Sans-serif; font-weight: var( --e-global-typography-text-font-weight );\">; a vereadora pelo PT <\/span><a href=\"https:\/\/www.facebook.com\/professoracidalima\/?__cft__%5b0%5d=AZWsuxp1JQ3sBY5kXwFvvtqMPxP9KZpx6PoMiSK4GSGLOqEtTK2RM3D0cBhGocVCkFn9tE5UlKWOK7VSe0c0aXfiddcy4ayoZSZ0__ROBi7sxF2cJJyTZ8BX00FabNxDgK83xEc1ekkvVyAeIy-RKgpMaRtv3OfMfVJcVUTEIFWGpy8-ApWmZJbOnjqy4__8_9E&amp;__tn__=kK-R\" style=\"font-family: var( --e-global-typography-text-font-family ), Sans-serif; font-weight: var( --e-global-typography-text-font-weight ); background-color: rgb(255, 255, 255);\">Cida Lima<\/a><span style=\"color: var( --e-global-color-text ); font-family: var( --e-global-typography-text-font-family ), Sans-serif; font-weight: var( --e-global-typography-text-font-weight );\">, e tantos outros companheiros de luta.<\/span><\/p>\n<p>Foi uma conversa sobre a conjuntura pol\u00edtica de desmonte do Estado, praticado pelo desgoverno Bolsonaro, e sobre a necessidade de nos unirmos para elegermos Lula presidente em 2022. Essa \u00e9 nossa prioridade, nosso compromisso, mas tamb\u00e9m um momento de discutirmos Minas Gerais.<\/p>\n<p>O PT tem que mostrar a cara em Minas e n\u00e3o s\u00f3 ficar assistindo outros atores. Precisamos de lideran\u00e7as novas, e nesse sentido, reiteramos nosso apoio \u00e0 pr\u00e9-candidatura do prefeito de Te\u00f3filo Otoni, Daniel Sucupira, ao governo de Minas.<\/p>\n<p>Em Ipatinga tamb\u00e9m promovemos um encontro de gera\u00e7\u00f5es, conversando com jovens com cora\u00e7\u00f5es e mentes abertos para a pol\u00edtica e para um projeto de pa\u00eds. Alegria ver que alguns deles se filiaram ao PT e espero que sejam nossas lideran\u00e7as no futuro. Precisamos muito disso.<\/p>\n<p>J\u00e1 hoje (03\/12) pela manh\u00e3 em Nova Era, tamb\u00e9m tive esperan\u00e7as renovadas ao conversar na r\u00e1dio comunit\u00e1ria Filhos da Terra com o jovem prefeito <a href=\"https:\/\/www.facebook.com\/txai18\/?__cft__%5b0%5d=AZWsuxp1JQ3sBY5kXwFvvtqMPxP9KZpx6PoMiSK4GSGLOqEtTK2RM3D0cBhGocVCkFn9tE5UlKWOK7VSe0c0aXfiddcy4ayoZSZ0__ROBi7sxF2cJJyTZ8BX00FabNxDgK83xEc1ekkvVyAeIy-RKgpMaRtv3OfMfVJcVUTEIFWGpy8-ApWmZJbOnjqy4__8_9E&amp;__tn__=kK-R\">Txai e Mori\u00e1<\/a> e o <a href=\"https:\/\/www.facebook.com\/VereadorMattheusLeao\/?__cft__%5b0%5d=AZWsuxp1JQ3sBY5kXwFvvtqMPxP9KZpx6PoMiSK4GSGLOqEtTK2RM3D0cBhGocVCkFn9tE5UlKWOK7VSe0c0aXfiddcy4ayoZSZ0__ROBi7sxF2cJJyTZ8BX00FabNxDgK83xEc1ekkvVyAeIy-RKgpMaRtv3OfMfVJcVUTEIFWGpy8-ApWmZJbOnjqy4__8_9E&amp;__tn__=kK-R\">Vereador Mattheus Le\u00e3o<\/a>.<\/p>\n<p>A cidade de Nova Era recebeu emendas do mandato no valor de R$ 100 mil para a sa\u00fade do munic\u00edpio, por indica\u00e7\u00e3o do pai do vereador, H\u00e9lio Martins, militante hist\u00f3rico do PT, infelizmente falecido este ano v\u00edtima da COVID.<\/p>\n<p>Continuo a agenda ainda hoje na cidade e sigo no final do dia para Jo\u00e3o Monlevade, onde participo de lan\u00e7amento do Or\u00e7amento Participativo da Educa\u00e7\u00e3o.<\/p>\n<p><\/p>\t\t\t\t\t\t\t\t<\/div>\n\t\t\t\t<\/div>\n\t\t\t\t\t<\/div>\n\t\t<\/div>\n\t\t\t\t\t<\/div>\n\t\t<\/section>\n\t\t\t\t<section class=\"elementor-section elementor-top-section elementor-element elementor-element-e00b3c1 elementor-section-boxed elementor-section-height-default elementor-section-height-default\" data-id=\"e00b3c1\" data-element_type=\"section\">\n\t\t\t\t\t\t<div class=\"elementor-container elementor-column-gap-default\">\n\t\t\t\t\t<div class=\"elementor-column elementor-col-100 elementor-top-column elementor-element elementor-element-d01ee34\" data-id=\"d01ee34\" data-element_type=\"column\">\n\t\t\t<div class=\"elementor-widget-wrap elementor-element-populated\">\n\t\t\t\t\t\t<div class=\"elementor-element elementor-element-6e673cb elementor-widget elementor-widget-gallery\" data-id=\"6e673cb\" data-element_type=\"widget\" data-settings=\"{&quot;lazyload&quot;:&quot;yes&quot;,&quot;gallery_layout&quot;:&quot;grid&quot;,&quot;columns&quot;:4,&quot;columns_tablet&quot;:2,&quot;columns_mobile&quot;:1,&quot;gap&quot;:{&quot;unit&quot;:&quot;px&quot;,&quot;size&quot;:10,&quot;sizes&quot;:[]},&quot;gap_tablet&quot;:{&quot;unit&quot;:&quot;px&quot;,&quot;size&quot;:10,&quot;sizes&quot;:[]},&quot;gap_mobile&quot;:{&quot;unit&quot;:&quot;px&quot;,&quot;size&quot;:10,&quot;sizes&quot;:[]},&quot;link_to&quot;:&quot;file&quot;,&quot;aspect_ratio&quot;:&quot;3:2&quot;,&quot;overlay_background&quot;:&quot;yes&quot;,&quot;content_hover_animation&quot;:&quot;fade-in&quot;}\" data-widget_type=\"gallery.default\">\n\t\t\t\t<div class=\"elementor-widget-container\">\n\t\t\t\t\t\t\t<div class=\"elementor-gallery__container\">\n\t\t\t\t\t\t\t<a class=\"e-gallery-item elementor-gallery-item elementor-animated-content\" href=\"https:\/\/patrusananias.com.br\/blog\/wp-content\/uploads\/2021\/12\/ipa.jpg\" data-elementor-open-lightbox=\"yes\" data-elementor-lightbox-slideshow=\"6e673cb\" data-elementor-lightbox-title=\"ipa\" data-e-action-hash=\"#elementor-action%3Aaction%3Dlightbox%26settings%3DeyJpZCI6NTQyMCwidXJsIjoiaHR0cHM6XC9cL3BhdHJ1c2FuYW5pYXMuY29tLmJyXC9ibG9nXC93cC1jb250ZW50XC91cGxvYWRzXC8yMDIxXC8xMlwvaXBhLmpwZyIsInNsaWRlc2hvdyI6IjZlNjczY2IifQ%3D%3D\">\n\t\t\t\t\t<div class=\"e-gallery-image elementor-gallery-item__image\" data-thumbnail=\"https:\/\/patrusananias.com.br\/blog\/wp-content\/uploads\/2021\/12\/ipa-300x233.jpg\" data-width=\"300\" data-height=\"233\" aria-label=\"\" role=\"img\" ><\/div>\n\t\t\t\t\t\t\t\t\t\t\t<div class=\"elementor-gallery-item__overlay\"><\/div>\n\t\t\t\t\t\t\t\t\t\t\t\t\t\t<\/a>\n\t\t\t\t\t\t\t<a class=\"e-gallery-item elementor-gallery-item elementor-animated-content\" href=\"https:\/\/patrusananias.com.br\/blog\/wp-content\/uploads\/2021\/12\/ipa2.jpg\" data-elementor-open-lightbox=\"yes\" data-elementor-lightbox-slideshow=\"6e673cb\" data-elementor-lightbox-title=\"ipa2\" data-e-action-hash=\"#elementor-action%3Aaction%3Dlightbox%26settings%3DeyJpZCI6NTQyMSwidXJsIjoiaHR0cHM6XC9cL3BhdHJ1c2FuYW5pYXMuY29tLmJyXC9ibG9nXC93cC1jb250ZW50XC91cGxvYWRzXC8yMDIxXC8xMlwvaXBhMi5qcGciLCJzbGlkZXNob3ciOiI2ZTY3M2NiIn0%3D\">\n\t\t\t\t\t<div class=\"e-gallery-image elementor-gallery-item__image\" data-thumbnail=\"https:\/\/patrusananias.com.br\/blog\/wp-content\/uploads\/2021\/12\/ipa2-300x233.jpg\" data-width=\"300\" data-height=\"233\" aria-label=\"\" role=\"img\" ><\/div>\n\t\t\t\t\t\t\t\t\t\t\t<div class=\"elementor-gallery-item__overlay\"><\/div>\n\t\t\t\t\t\t\t\t\t\t\t\t\t\t<\/a>\n\t\t\t\t\t\t\t<a class=\"e-gallery-item elementor-gallery-item elementor-animated-content\" href=\"https:\/\/patrusananias.com.br\/blog\/wp-content\/uploads\/2021\/12\/ipa4.jpg\" data-elementor-open-lightbox=\"yes\" data-elementor-lightbox-slideshow=\"6e673cb\" data-elementor-lightbox-title=\"ipa4\" data-e-action-hash=\"#elementor-action%3Aaction%3Dlightbox%26settings%3DeyJpZCI6NTQyMywidXJsIjoiaHR0cHM6XC9cL3BhdHJ1c2FuYW5pYXMuY29tLmJyXC9ibG9nXC93cC1jb250ZW50XC91cGxvYWRzXC8yMDIxXC8xMlwvaXBhNC5qcGciLCJzbGlkZXNob3ciOiI2ZTY3M2NiIn0%3D\">\n\t\t\t\t\t<div class=\"e-gallery-image elementor-gallery-item__image\" data-thumbnail=\"https:\/\/patrusananias.com.br\/blog\/wp-content\/uploads\/2021\/12\/ipa4-300x233.jpg\" data-width=\"300\" data-height=\"233\" aria-label=\"\" role=\"img\" ><\/div>\n\t\t\t\t\t\t\t\t\t\t\t<div class=\"elementor-gallery-item__overlay\"><\/div>\n\t\t\t\t\t\t\t\t\t\t\t\t\t\t<\/a>\n\t\t\t\t\t\t\t<a class=\"e-gallery-item elementor-gallery-item elementor-animated-content\" href=\"https:\/\/patrusananias.com.br\/blog\/wp-content\/uploads\/2021\/12\/ipa5.jpg\" data-elementor-open-lightbox=\"yes\" data-elementor-lightbox-slideshow=\"6e673cb\" data-elementor-lightbox-title=\"ipa5\" data-e-action-hash=\"#elementor-action%3Aaction%3Dlightbox%26settings%3DeyJpZCI6NTQyNCwidXJsIjoiaHR0cHM6XC9cL3BhdHJ1c2FuYW5pYXMuY29tLmJyXC9ibG9nXC93cC1jb250ZW50XC91cGxvYWRzXC8yMDIxXC8xMlwvaXBhNS5qcGciLCJzbGlkZXNob3ciOiI2ZTY3M2NiIn0%3D\">\n\t\t\t\t\t<div class=\"e-gallery-image elementor-gallery-item__image\" data-thumbnail=\"https:\/\/patrusananias.com.br\/blog\/wp-content\/uploads\/2021\/12\/ipa5-300x233.jpg\" data-width=\"300\" data-height=\"233\" aria-label=\"\" role=\"img\" ><\/div>\n\t\t\t\t\t\t\t\t\t\t\t<div class=\"elementor-gallery-item__overlay\"><\/div>\n\t\t\t\t\t\t\t\t\t\t\t\t\t\t<\/a>\n\t\t\t\t\t<\/div>\n\t\t\t\t\t<\/div>\n\t\t\t\t<\/div>\n\t\t\t\t\t<\/div>\n\t\t<\/div>\n\t\t\t\t\t<\/div>\n\t\t<\/section>\n\t\t\t\t<\/div>\n\t\t","protected":false},"excerpt":{"rendered":"<p>\u201cUm projeto pol\u00edtico \u00e9 sempre maior do que a gente, e ningu\u00e9m faz nada sozinho\u201d. Em Ipatinga, na noite desta quinta-feira (02\/12), conversei com militantes e lideran\u00e7as do Partido dos Trabalhadores, alguns hist\u00f3ricos, como o Ti\u00e3o dos Santos, autor dessa frase que resume nosso sentimento quanto ao nosso projeto para o pa\u00eds. Tamb\u00e9m estavam l\u00e1 &hellip; <\/p>\n<p class=\"link-more\"><a href=\"https:\/\/patrusananias.com.br\/blog\/em-ipatinga-e-nova-era-debates-sobre-conjuntura-e-um-projeto-para-minas\/\" class=\"more-link\">Continue lendo<span class=\"screen-reader-text\"> &#8220;Em Ipatinga e Nova Era, debates sobre conjuntura e um projeto para Minas&#8221;<\/span><\/a><\/p>\n","protected":false},"author":1,"featured_media":5423,"comment_status":"open","ping_status":"open","sticky":false,"template":"","format":"standard","meta":{"footnotes":""},"categories":[10],"tags":[],"views":261,"_links":{"self":[{"href":"https:\/\/patrusananias.com.br\/blog\/wp-json\/wp\/v2\/posts\/5419"}],"collection":[{"href":"https:\/\/patrusananias.com.br\/blog\/wp-json\/wp\/v2\/posts"}],"about":[{"href":"https:\/\/patrusananias.com.br\/blog\/wp-json\/wp\/v2\/types\/post"}],"author":[{"embeddable":true,"href":"https:\/\/patrusananias.com.br\/blog\/wp-json\/wp\/v2\/users\/1"}],"replies":[{"embeddable":true,"href":"https:\/\/patrusananias.com.br\/blog\/wp-json\/wp\/v2\/comments?post=5419"}],"version-history":[{"count":8,"href":"https:\/\/patrusananias.com.br\/blog\/wp-json\/wp\/v2\/posts\/5419\/revisions"}],"predecessor-version":[{"id":5432,"href":"https:\/\/patrusananias.com.br\/blog\/wp-json\/wp\/v2\/posts\/5419\/revisions\/5432"}],"wp:featuredmedia":[{"embeddable":true,"href":"https:\/\/patrusananias.com.br\/blog\/wp-json\/wp\/v2\/media\/5423"}],"wp:attachment":[{"href":"https:\/\/patrusananias.com.br\/blog\/wp-json\/wp\/v2\/media?parent=5419"}],"wp:term":[{"taxonomy":"category","embeddable":true,"href":"https:\/\/patrusananias.com.br\/blog\/wp-json\/wp\/v2\/categories?post=5419"},{"taxonomy":"post_tag","embeddable":true,"href":"https:\/\/patrusananias.com.br\/blog\/wp-json\/wp\/v2\/tags?post=5419"}],"curies":[{"name":"wp","href":"https:\/\/api.w.org\/{rel}","templated":true}]}}