{"id":5334,"date":"2021-12-14T08:23:00","date_gmt":"2021-12-14T11:23:00","guid":{"rendered":"https:\/\/patrusananias.com.br\/blog\/?p=5334"},"modified":"2022-11-03T10:57:17","modified_gmt":"2022-11-03T13:57:17","slug":"patrus-debate-fe-e-politica-na-regiao-oeste-de-bh","status":"publish","type":"post","link":"https:\/\/patrusananias.com.br\/blog\/patrus-debate-fe-e-politica-na-regiao-oeste-de-bh\/","title":{"rendered":"Patrus debate f\u00e9 e pol\u00edtica na Regi\u00e3o Oeste de BH"},"content":{"rendered":"\t\t<div data-elementor-type=\"wp-post\" data-elementor-id=\"5334\" class=\"elementor elementor-5334\" data-elementor-post-type=\"post\">\n\t\t\t\t\t\t<section class=\"elementor-section elementor-top-section elementor-element elementor-element-397fd86 elementor-section-boxed elementor-section-height-default elementor-section-height-default\" data-id=\"397fd86\" data-element_type=\"section\">\n\t\t\t\t\t\t<div class=\"elementor-container elementor-column-gap-default\">\n\t\t\t\t\t<div class=\"elementor-column elementor-col-100 elementor-top-column elementor-element elementor-element-a8831b1\" data-id=\"a8831b1\" data-element_type=\"column\">\n\t\t\t<div class=\"elementor-widget-wrap elementor-element-populated\">\n\t\t\t\t\t\t<div class=\"elementor-element elementor-element-dbced09 elementor-widget elementor-widget-text-editor\" data-id=\"dbced09\" data-element_type=\"widget\" data-widget_type=\"text-editor.default\">\n\t\t\t\t<div class=\"elementor-widget-container\">\n\t\t\t\t\t\t\t\t\t<p class=\"MsoNormal\" style=\"text-align:justify\">Estive ontem (13\/12) no bairro\nNova Cintra, na Regi\u00e3o Oeste de BH, acompanhado do vereador <a href=\"https:\/\/www.facebook.com\/patruspedro\/?__cft__%5b0%5d=AZUq6XeCkLumNUZ7EjYy9Mm1cJ2mq6q7IUYY3cmBnIXH6eC1l4LaiktfNZqZvdouW2IDZ582r0bhIPonLh9nQuDiZo6Aj4j9DxA5zn8qHULvf8DrYsA81Bw4sZYXQ4ymA1I-ZRKdkjPGDayniWAoRjm1gdcWUVRDrOdlJgnpHmH5UwOgrrJHIscEbWr_epSggJU&amp;__tn__=kK-R\">Pedro\nPatrus<\/a>, participando da reuni\u00e3o de um grupo de f\u00e9 e pol\u00edtica que tem \u00e0\nfrente duas pessoas amigas de longa data: o militante hist\u00f3rico do PT na regi\u00e3o\nsr. Carlindo e o padre Godoi, hoje p\u00e1roco da igreja S\u00e3o Tarc\u00edsio. <o:p><\/o:p><\/p><p class=\"MsoNormal\" style=\"text-align:justify\">O Grupo de Esquerda Liberdade e\nTrabalho se re\u00fane para discutir a conjuntura e refletir sobre o que significa\nser de esquerda nos tempos atuais, dentre outros temas, e \u00e9 formado por\nmilitantes e pessoas interessadas em refletir sobre e agir na pol\u00edtica. <o:p><\/o:p><\/p><p class=\"MsoNormal\" style=\"text-align:justify\">Convidado a falar neste dia 13,\njustamente o dia de anivers\u00e1rio do Ato Institucional n\u00ba 5, lembrei dos\nperseguidos pol\u00edticos, entre eles o meu professor Edgar da Matta Machado, e seu\nfilho, Jos\u00e9 Carlos, assassinado pelas for\u00e7as da repress\u00e3o, reiterando que n\u00e3o\npodemos ter nenhuma complac\u00eancia com a ditadura. <o:p><\/o:p><\/p><p class=\"MsoNormal\" style=\"text-align:justify\">Falei tamb\u00e9m do momento ruim que\nvivemos, de retrocessos em v\u00e1rias \u00e1reas; da necessidade de retomarmos o\ntrabalho de base de forma\u00e7\u00e3o pol\u00edtica, como o que este grupo realiza, e de\nganharmos cora\u00e7\u00f5es e mentes para o nosso projeto de pa\u00eds.<o:p><\/o:p><\/p><p>\n\n\n\n\n\n\n\n<\/p><p class=\"MsoNormal\" style=\"text-align:justify\"><o:p>&nbsp;<\/o:p><\/p>\t\t\t\t\t\t\t\t<\/div>\n\t\t\t\t<\/div>\n\t\t\t\t\t<\/div>\n\t\t<\/div>\n\t\t\t\t\t<\/div>\n\t\t<\/section>\n\t\t\t\t<\/div>\n\t\t","protected":false},"excerpt":{"rendered":"<p>Estive ontem (13\/12) no bairro Nova Cintra, na Regi\u00e3o Oeste de BH, acompanhado do vereador Pedro Patrus, participando da reuni\u00e3o de um grupo de f\u00e9 e pol\u00edtica que tem \u00e0 frente duas pessoas amigas de longa data: o militante hist\u00f3rico do PT na regi\u00e3o sr. Carlindo e o padre Godoi, hoje p\u00e1roco da igreja S\u00e3o &hellip; <\/p>\n<p class=\"link-more\"><a href=\"https:\/\/patrusananias.com.br\/blog\/patrus-debate-fe-e-politica-na-regiao-oeste-de-bh\/\" class=\"more-link\">Continue lendo<span class=\"screen-reader-text\"> &#8220;Patrus debate f\u00e9 e pol\u00edtica na Regi\u00e3o Oeste de BH&#8221;<\/span><\/a><\/p>\n","protected":false},"author":1,"featured_media":5335,"comment_status":"open","ping_status":"open","sticky":false,"template":"","format":"standard","meta":{"footnotes":""},"categories":[3],"tags":[],"views":240,"_links":{"self":[{"href":"https:\/\/patrusananias.com.br\/blog\/wp-json\/wp\/v2\/posts\/5334"}],"collection":[{"href":"https:\/\/patrusananias.com.br\/blog\/wp-json\/wp\/v2\/posts"}],"about":[{"href":"https:\/\/patrusananias.com.br\/blog\/wp-json\/wp\/v2\/types\/post"}],"author":[{"embeddable":true,"href":"https:\/\/patrusananias.com.br\/blog\/wp-json\/wp\/v2\/users\/1"}],"replies":[{"embeddable":true,"href":"https:\/\/patrusananias.com.br\/blog\/wp-json\/wp\/v2\/comments?post=5334"}],"version-history":[{"count":4,"href":"https:\/\/patrusananias.com.br\/blog\/wp-json\/wp\/v2\/posts\/5334\/revisions"}],"predecessor-version":[{"id":5347,"href":"https:\/\/patrusananias.com.br\/blog\/wp-json\/wp\/v2\/posts\/5334\/revisions\/5347"}],"wp:featuredmedia":[{"embeddable":true,"href":"https:\/\/patrusananias.com.br\/blog\/wp-json\/wp\/v2\/media\/5335"}],"wp:attachment":[{"href":"https:\/\/patrusananias.com.br\/blog\/wp-json\/wp\/v2\/media?parent=5334"}],"wp:term":[{"taxonomy":"category","embeddable":true,"href":"https:\/\/patrusananias.com.br\/blog\/wp-json\/wp\/v2\/categories?post=5334"},{"taxonomy":"post_tag","embeddable":true,"href":"https:\/\/patrusananias.com.br\/blog\/wp-json\/wp\/v2\/tags?post=5334"}],"curies":[{"name":"wp","href":"https:\/\/api.w.org\/{rel}","templated":true}]}}