{"id":4559,"date":"2020-06-01T09:55:00","date_gmt":"2020-06-01T12:55:00","guid":{"rendered":"http:\/\/patrusananias.com.br\/blog\/?p=4484"},"modified":"2022-11-03T10:57:16","modified_gmt":"2022-11-03T13:57:16","slug":"parlamentares-petistas-propoem-medidas-de-protecao-aos-dependentes-de-vitimas-de-feminicidio","status":"publish","type":"post","link":"https:\/\/patrusananias.com.br\/blog\/parlamentares-petistas-propoem-medidas-de-protecao-aos-dependentes-de-vitimas-de-feminicidio\/","title":{"rendered":"Parlamentares petistas prop\u00f5em medidas de prote\u00e7\u00e3o aos dependentes de v\u00edtimas de feminic\u00eddio"},"content":{"rendered":"<p><strong><i>Em 2018 foram registrados 1.206 feminic\u00eddios no Brasil, que deixaram mais de dois mil \u00f3rf\u00e3os, segundo o 13\u00ba Anu\u00e1rio de Seguran\u00e7a P\u00fablica<\/i><\/strong><\/p>\n<p><a href=\"http:\/\/patrusananias.com.br\/blog\/wp-content\/uploads\/2020\/06\/DOMESTICVIOLENCE.jpg\"><img fetchpriority=\"high\" decoding=\"async\" src=\"http:\/\/patrusananias.com.br\/blog\/wp-content\/uploads\/2020\/06\/DOMESTICVIOLENCE-1024x682.jpg\" alt=\"Abused little girl\" width=\"584\" height=\"388\" class=\"aligncenter size-large wp-image-4485\" \/><\/a><\/p>\n<p>O Projeto de Lei 2753, protocolado por parlamentares petistas na C\u00e2mara dos Deputados (19.05), acrescenta ao Estatuto da Crian\u00e7a e do Adolescente medidas de prote\u00e7\u00e3o aos \u00f3rf\u00e3os das v\u00edtimas de crimes de feminic\u00eddio, homic\u00eddio ou les\u00e3o corporal seguida de morte, no caso de crime doloso praticado por um dos genitores, envolvendo viol\u00eancia dom\u00e9stica e familiar ou discrimina\u00e7\u00e3o \u00e0 condi\u00e7\u00e3o de mulher.<\/p>\n<p>O PL assegura prioridades para a tramita\u00e7\u00e3o dos processos de ado\u00e7\u00e3o de dependentes de v\u00edtimas desses crimes e crian\u00e7a ou adolescente com defici\u00eancia ou doen\u00e7a cr\u00f4nica, bem como no cadastro a pessoas interessadas em adotar essas crian\u00e7as ou adolescentes.<\/p>\n<p>O projeto ainda garante servi\u00e7os especiais que incluam estrat\u00e9gias de busca ativa, de atendimento priorit\u00e1rio para assist\u00eancia m\u00e9dica, psicossocial e judici\u00e1ria. Para agilizar a r\u00e1pida coloca\u00e7\u00e3o de crian\u00e7as e adolescentes em fam\u00edlia substituta, o projeto determina a integra\u00e7\u00e3o operacional de \u00f3rg\u00e3os do Poder Judici\u00e1rio, Minist\u00e9rio P\u00fablico, Defensoria, Conselho Tutelar respons\u00e1veis pela execu\u00e7\u00e3o das pol\u00edticas sociais b\u00e1sicas e de assist\u00eancia social.<\/p>\n<p>O PL trata tamb\u00e9m da prioridade de tramita\u00e7\u00e3o dos processos de destitui\u00e7\u00e3o do poder familiar em que o adotando seja crian\u00e7a ou adolescente, v\u00edtimas dos crimes tipificados.<\/p>\n<p>Na apresenta\u00e7\u00e3o do PL os parlamentares destacam que em 2018 foram registrados 1.206 casos de feminic\u00eddios no Brasil. De acordo com o 13\u00b0Anu\u00e1rio Brasileiro de Seguran\u00e7a P\u00fablica, elaborado pelo F\u00f3rum Nacional de Seguran\u00e7a P\u00fablica. os casos de feminic\u00eddios deixariam, a cada ano, mais de dois mil \u00f3rf\u00e3os no Brasil.<\/p>\n<p>Os parlamentares argumentam que os servi\u00e7os oferecidos para o atendimento das necessidades dessas crian\u00e7as e adolescentes e de suas fam\u00edlias pelos sistemas p\u00fablicos de sa\u00fade e assist\u00eancia social e do judici\u00e1rio, \u201cal\u00e9m de muitas vezes se revelarem insuficientes ou prec\u00e1rios, n\u00e3o s\u00e3o planejados e estruturados especialmente para o atendimento de dependentes das v\u00edtimas de feminic\u00eddio\u201d.<\/p>\n<p>Em rela\u00e7\u00e3o aos processos de ado\u00e7\u00e3o, registram que \u201ctamb\u00e9m n\u00e3o contam com a prioriza\u00e7\u00e3o necess\u00e1ria, que seria plenamente justific\u00e1vel nos casos mais graves de viol\u00eancia dom\u00e9stica e familiar \u2013 ao lado das previs\u00f5es legais existentes em favor de adotandos com defici\u00eancia ou doen\u00e7a cr\u00f4nica e grupos de irm\u00e3os previstos no Estatuto da Crian\u00e7a e Adolescente\u201d.<\/p>\n<p>O deputado Patrus Ananias (PT-MG) \u00e9 autor do PL 2753 com mais outros 11 parlamentares do Partido dos Trabalhadores, Erika Kokay (PT-DF), Benedita da Silva (PT-RJ), Maria do Ros\u00e1rio (PT-RS), Padre Jo\u00e3o (PT-MG), \u00canio Verri (PT-PR), Wolney Queiroz (PDT-PE), Paulo Teixeira (PT-SP), Rog\u00e9rio Correia (PT-MG), Assis Carvalho (PT-PI), Z\u00e9 Neto (PT-BA) e Joseildo Ramos (PT-BA).<\/p>\n","protected":false},"excerpt":{"rendered":"<p>Em 2018 foram registrados 1.206 feminic\u00eddios no Brasil, que deixaram mais de dois mil \u00f3rf\u00e3os, segundo o 13\u00ba Anu\u00e1rio de Seguran\u00e7a P\u00fablica O Projeto de Lei 2753, protocolado por parlamentares petistas na C\u00e2mara dos Deputados (19.05), acrescenta ao Estatuto da Crian\u00e7a e do Adolescente medidas de prote\u00e7\u00e3o aos \u00f3rf\u00e3os das v\u00edtimas de crimes de feminic\u00eddio, &hellip; <\/p>\n<p class=\"link-more\"><a href=\"https:\/\/patrusananias.com.br\/blog\/parlamentares-petistas-propoem-medidas-de-protecao-aos-dependentes-de-vitimas-de-feminicidio\/\" class=\"more-link\">Continue lendo<span class=\"screen-reader-text\"> &#8220;Parlamentares petistas prop\u00f5em medidas de prote\u00e7\u00e3o aos dependentes de v\u00edtimas de feminic\u00eddio&#8221;<\/span><\/a><\/p>\n","protected":false},"author":2,"featured_media":0,"comment_status":"open","ping_status":"open","sticky":false,"template":"","format":"standard","meta":{"footnotes":""},"categories":[13],"tags":[],"views":207,"_links":{"self":[{"href":"https:\/\/patrusananias.com.br\/blog\/wp-json\/wp\/v2\/posts\/4559"}],"collection":[{"href":"https:\/\/patrusananias.com.br\/blog\/wp-json\/wp\/v2\/posts"}],"about":[{"href":"https:\/\/patrusananias.com.br\/blog\/wp-json\/wp\/v2\/types\/post"}],"author":[{"embeddable":true,"href":"https:\/\/patrusananias.com.br\/blog\/wp-json\/wp\/v2\/users\/2"}],"replies":[{"embeddable":true,"href":"https:\/\/patrusananias.com.br\/blog\/wp-json\/wp\/v2\/comments?post=4559"}],"version-history":[{"count":1,"href":"https:\/\/patrusananias.com.br\/blog\/wp-json\/wp\/v2\/posts\/4559\/revisions"}],"predecessor-version":[{"id":7084,"href":"https:\/\/patrusananias.com.br\/blog\/wp-json\/wp\/v2\/posts\/4559\/revisions\/7084"}],"wp:attachment":[{"href":"https:\/\/patrusananias.com.br\/blog\/wp-json\/wp\/v2\/media?parent=4559"}],"wp:term":[{"taxonomy":"category","embeddable":true,"href":"https:\/\/patrusananias.com.br\/blog\/wp-json\/wp\/v2\/categories?post=4559"},{"taxonomy":"post_tag","embeddable":true,"href":"https:\/\/patrusananias.com.br\/blog\/wp-json\/wp\/v2\/tags?post=4559"}],"curies":[{"name":"wp","href":"https:\/\/api.w.org\/{rel}","templated":true}]}}