{"id":4524,"date":"2020-04-06T16:22:32","date_gmt":"2020-04-06T19:22:32","guid":{"rendered":"http:\/\/patrusananias.com.br\/blog\/?p=4278"},"modified":"2022-11-03T10:57:57","modified_gmt":"2022-11-03T13:57:57","slug":"projeto-proibe-o-corte-do-fornecimento-de-agua-energia-e-gas-ate-31-de-dezembro","status":"publish","type":"post","link":"https:\/\/patrusananias.com.br\/blog\/projeto-proibe-o-corte-do-fornecimento-de-agua-energia-e-gas-ate-31-de-dezembro\/","title":{"rendered":"Projeto pro\u00edbe o corte do fornecimento de \u00e1gua, energia e g\u00e1s\u00a0at\u00e9 31 de dezembro"},"content":{"rendered":"<p><strong><em>O poder p\u00fablico deve assegurar condi\u00e7\u00f5es m\u00ednimas de dignidade para que o povo brasileiro guarde o isolamento social permanecendo em casa, defendem parlamentares\u00a0petistas<\/em><\/strong><\/p>\n<p><a href=\"http:\/\/patrusananias.com.br\/blog\/wp-content\/uploads\/2020\/04\/COVID-17.jpg\"><img fetchpriority=\"high\" decoding=\"async\" src=\"http:\/\/patrusananias.com.br\/blog\/wp-content\/uploads\/2020\/04\/COVID-17-1024x683.jpg\" alt=\"COVID-17\" width=\"584\" height=\"389\" class=\"aligncenter size-large wp-image-4285\" \/><\/a><\/p>\n<p>O Projeto de Lei 903\/2020, de 03 de abril, determina que as distribuidoras de energia, \u00e1gua e g\u00e1s, sejam empresas p\u00fablicas ou concession\u00e1rias privadas, n\u00e3o poder\u00e3o cortar o fornecimento desses servi\u00e7os por falta de pagamento, durante o per\u00edodo em que a atividade econ\u00f4mica ser\u00e1 afetada pelas medidas de isolamento social. A suspens\u00e3o de corte deve vigorar at\u00e9 31 de dezembro, enquanto durar o estado de calamidade p\u00fablica aprovado pelo Congresso Nacional. O PL aguarda despacho do presidente da C\u00e2mara, deputado Rodrigo Maia\u00a0(DEM\/RJ).<br \/>\n\u00a0<br \/>\nMilh\u00f5es de pessoas ter\u00e3o seus rendimentos comprometidos pela redu\u00e7\u00e3o da atividade e muitos n\u00e3o poder\u00e3o pagar pelos servi\u00e7os essenciais de \u00e1gua, energia e g\u00e1s domiciliar.\u00a0\u00a0Nesta situa\u00e7\u00e3o, os autores do projeto\u00a0defendem\u00a0que o estado ter\u00e1 de garantir a dignidade ao povo brasileiro e melhores condi\u00e7\u00f5es de sa\u00fade p\u00fablica durante o cumprimento do isolamento social.<br \/>\n\u00a0<br \/>\nComo o isolamento social se trata de determina\u00e7\u00e3o do governo federal e de governos estaduais e municipais para o controle da contamina\u00e7\u00e3o do coronav\u00edrus, a presta\u00e7\u00e3o dos servi\u00e7os de \u00e1gua, energia e g\u00e1s s\u00e3o essenciais para que as pessoas fiquem em casa. \u201cO sucesso das medidas depende naturalmente de condi\u00e7\u00f5es m\u00ednimas para que a popula\u00e7\u00e3o permane\u00e7a em casa\u201d, argumentam os parlamentares na apresenta\u00e7\u00e3o do projeto.\u00a0<br \/>\n\u00a0<br \/>\nO objetivo\u00a0da proposta\u00a0\u00e9 \u201cgarantir dignidade e melhores condi\u00e7\u00f5es de sa\u00fade p\u00fablica ao povo brasileiro, ao resguardar a manuten\u00e7\u00e3o dos servi\u00e7os essenciais\u201d. \u201cNeste momento, proceder com a suspens\u00e3o dos servi\u00e7os essenciais em raz\u00e3o de inadimpl\u00eancia \u00e9 subverter as prioridades\u201d, concluem ao justificar a apresenta\u00e7\u00e3o do projeto.<br \/>\n\u00a0<br \/>\nO projeto ressalva, ainda, \u201cque os d\u00e9bitos decorrentes do ano de 2020 n\u00e3o poder\u00e3o motivar corte no fornecimento mesmo nos anos posteriores, ressalvados outros mecanismos de cobran\u00e7a\u201d.<br \/>\n\u00a0<br \/>\nO deputado Patrus Ananias (PT-MG) \u00e9 coautor do projeto, apresentado pelo deputado Rubens Otoni, \u00e0 mesa da C\u00e2mara dos Deputados no dia 31 de mar\u00e7o. Tamb\u00e9m assinaram o projeto, como coautores, os deputados Pedro Uczai (PT-SC), Margarida Salom\u00e3o (PT-MG), Jos\u00e9 Guimar\u00e3es (PT-CE), Nilton Tatto (PT-SP), Alexandre Padilha (PT-SP), Vicentinho (PT-SP, Alencar Santana Braga (PT-SP) e Jo\u00e3o Daniel (PT-SE).<br \/>\n\u00a0<br \/>\nTramita\u00e7\u00e3o<br \/>\nO Projeto de Lei aguarda despacho do presidente da C\u00e2mara, deputado Rodrigo Maia.\u00a0Se houver acordo, poder\u00e1 ser inclu\u00eddo\u00a0na pauta do Sistema de Delibera\u00e7\u00e3o Remota do Plen\u00e1rio.<\/p>\n","protected":false},"excerpt":{"rendered":"<p>O poder p\u00fablico deve assegurar condi\u00e7\u00f5es m\u00ednimas de dignidade para que o povo brasileiro guarde o isolamento social permanecendo em casa, defendem parlamentares\u00a0petistas O Projeto de Lei 903\/2020, de 03 de abril, determina que as distribuidoras de energia, \u00e1gua e g\u00e1s, sejam empresas p\u00fablicas ou concession\u00e1rias privadas, n\u00e3o poder\u00e3o cortar o fornecimento desses servi\u00e7os por &hellip; <\/p>\n<p class=\"link-more\"><a href=\"https:\/\/patrusananias.com.br\/blog\/projeto-proibe-o-corte-do-fornecimento-de-agua-energia-e-gas-ate-31-de-dezembro\/\" class=\"more-link\">Continue lendo<span class=\"screen-reader-text\"> &#8220;Projeto pro\u00edbe o corte do fornecimento de \u00e1gua, energia e g\u00e1s\u00a0at\u00e9 31 de dezembro&#8221;<\/span><\/a><\/p>\n","protected":false},"author":2,"featured_media":0,"comment_status":"open","ping_status":"open","sticky":false,"template":"","format":"standard","meta":{"footnotes":""},"categories":[13],"tags":[],"views":231,"_links":{"self":[{"href":"https:\/\/patrusananias.com.br\/blog\/wp-json\/wp\/v2\/posts\/4524"}],"collection":[{"href":"https:\/\/patrusananias.com.br\/blog\/wp-json\/wp\/v2\/posts"}],"about":[{"href":"https:\/\/patrusananias.com.br\/blog\/wp-json\/wp\/v2\/types\/post"}],"author":[{"embeddable":true,"href":"https:\/\/patrusananias.com.br\/blog\/wp-json\/wp\/v2\/users\/2"}],"replies":[{"embeddable":true,"href":"https:\/\/patrusananias.com.br\/blog\/wp-json\/wp\/v2\/comments?post=4524"}],"version-history":[{"count":1,"href":"https:\/\/patrusananias.com.br\/blog\/wp-json\/wp\/v2\/posts\/4524\/revisions"}],"predecessor-version":[{"id":7310,"href":"https:\/\/patrusananias.com.br\/blog\/wp-json\/wp\/v2\/posts\/4524\/revisions\/7310"}],"wp:attachment":[{"href":"https:\/\/patrusananias.com.br\/blog\/wp-json\/wp\/v2\/media?parent=4524"}],"wp:term":[{"taxonomy":"category","embeddable":true,"href":"https:\/\/patrusananias.com.br\/blog\/wp-json\/wp\/v2\/categories?post=4524"},{"taxonomy":"post_tag","embeddable":true,"href":"https:\/\/patrusananias.com.br\/blog\/wp-json\/wp\/v2\/tags?post=4524"}],"curies":[{"name":"wp","href":"https:\/\/api.w.org\/{rel}","templated":true}]}}