{"id":3861,"date":"2019-08-31T16:00:44","date_gmt":"2019-08-31T19:00:44","guid":{"rendered":"http:\/\/patrusananias.com.br\/blog\/?p=3861"},"modified":"2022-11-03T10:54:55","modified_gmt":"2022-11-03T13:54:55","slug":"dia-0409-lancamento-da-frente-parlamentar-mista-em-defesa-da-soberania-nacional","status":"publish","type":"post","link":"https:\/\/patrusananias.com.br\/blog\/dia-0409-lancamento-da-frente-parlamentar-mista-em-defesa-da-soberania-nacional\/","title":{"rendered":"Dia 04\/09: Lan\u00e7amento da Frente Parlamentar Mista em Defesa da Soberania Nacional"},"content":{"rendered":"<div id=\"js_4q6\" data-testid=\"post_message\" data-ft=\"{&quot;tn&quot;:&quot;K&quot;}\">\n<p>N\u00f3s temos um compromisso marcado para a pr\u00f3xima quarta-feira, dia 04 de setembro.<\/p>\n<p>N\u00f3s, que estamos comprometidos com o desenvolvimento nacional. Que nos preocupamos em defender as riquezas do pa\u00eds. N\u00f3s, que defendemos a inclus\u00e3o de todos brasileiros. Que respeitamos a democracia, a liberdade e os direitos do nosso povo.<\/p>\n<p>N\u00f3s, que defendemos o pa\u00eds n\u00e3o apenas nas palavras, mas com a\u00e7\u00f5es, estamos todos convidados para o lan\u00e7amento da Frente Parlamentar Mista em Defesa da Soberania Nacional.<\/p>\n<div style=\"width: 400px;\" class=\"wp-video\"><!--[if lt IE 9]><script>document.createElement('video');<\/script><![endif]-->\n<video class=\"wp-video-shortcode\" id=\"video-3861-1\" width=\"400\" height=\"224\" preload=\"metadata\" controls=\"controls\"><source type=\"video\/mp4\" src=\"http:\/\/patrusananias.com.br\/blog\/wp-content\/uploads\/2019\/08\/Linha-Completa-Micro.mp4?_=1\" \/><a href=\"http:\/\/patrusananias.com.br\/blog\/wp-content\/uploads\/2019\/08\/Linha-Completa-Micro.mp4\">http:\/\/patrusananias.com.br\/blog\/wp-content\/uploads\/2019\/08\/Linha-Completa-Micro.mp4<\/a><\/video><\/div>\n<p>&nbsp;<\/p>\n<\/div>\n","protected":false},"excerpt":{"rendered":"<p>N\u00f3s temos um compromisso marcado para a pr\u00f3xima quarta-feira, dia 04 de setembro. N\u00f3s, que estamos comprometidos com o desenvolvimento nacional. Que nos preocupamos em defender as riquezas do pa\u00eds. N\u00f3s, que defendemos a inclus\u00e3o de todos brasileiros. Que respeitamos a democracia, a liberdade e os direitos do nosso povo. N\u00f3s, que defendemos o pa\u00eds &hellip; <\/p>\n<p class=\"link-more\"><a href=\"https:\/\/patrusananias.com.br\/blog\/dia-0409-lancamento-da-frente-parlamentar-mista-em-defesa-da-soberania-nacional\/\" class=\"more-link\">Continue lendo<span class=\"screen-reader-text\"> &#8220;Dia 04\/09: Lan\u00e7amento da Frente Parlamentar Mista em Defesa da Soberania Nacional&#8221;<\/span><\/a><\/p>\n","protected":false},"author":2,"featured_media":0,"comment_status":"open","ping_status":"open","sticky":false,"template":"","format":"standard","meta":{"footnotes":""},"categories":[3,377],"tags":[],"views":219,"_links":{"self":[{"href":"https:\/\/patrusananias.com.br\/blog\/wp-json\/wp\/v2\/posts\/3861"}],"collection":[{"href":"https:\/\/patrusananias.com.br\/blog\/wp-json\/wp\/v2\/posts"}],"about":[{"href":"https:\/\/patrusananias.com.br\/blog\/wp-json\/wp\/v2\/types\/post"}],"author":[{"embeddable":true,"href":"https:\/\/patrusananias.com.br\/blog\/wp-json\/wp\/v2\/users\/2"}],"replies":[{"embeddable":true,"href":"https:\/\/patrusananias.com.br\/blog\/wp-json\/wp\/v2\/comments?post=3861"}],"version-history":[{"count":1,"href":"https:\/\/patrusananias.com.br\/blog\/wp-json\/wp\/v2\/posts\/3861\/revisions"}],"predecessor-version":[{"id":6816,"href":"https:\/\/patrusananias.com.br\/blog\/wp-json\/wp\/v2\/posts\/3861\/revisions\/6816"}],"wp:attachment":[{"href":"https:\/\/patrusananias.com.br\/blog\/wp-json\/wp\/v2\/media?parent=3861"}],"wp:term":[{"taxonomy":"category","embeddable":true,"href":"https:\/\/patrusananias.com.br\/blog\/wp-json\/wp\/v2\/categories?post=3861"},{"taxonomy":"post_tag","embeddable":true,"href":"https:\/\/patrusananias.com.br\/blog\/wp-json\/wp\/v2\/tags?post=3861"}],"curies":[{"name":"wp","href":"https:\/\/api.w.org\/{rel}","templated":true}]}}