{"id":373,"date":"2012-06-11T17:13:26","date_gmt":"2012-06-11T17:13:26","guid":{"rendered":"http:\/\/patrusananias.com.br\/blog\/?p=373"},"modified":"2022-11-03T10:56:11","modified_gmt":"2022-11-03T13:56:11","slug":"esquerda-e-direita-grandes-diferencas","status":"publish","type":"post","link":"https:\/\/patrusananias.com.br\/blog\/esquerda-e-direita-grandes-diferencas\/","title":{"rendered":"Esquerda e direita: grandes diferen\u00e7as"},"content":{"rendered":"<p>Sugiro a leitura de um artigo interessante que vi no s\u00edtio da <a title=\"Funda\u00e7\u00e3o Perseu Abramo\" href=\"http:\/\/www.fpabramo.org.br\/\" target=\"_blank\" rel=\"noopener noreferrer\">Funda\u00e7\u00e3o Perseu Abramo<\/a>. O texto, de autoria de Gerson Almeida, traz o instigante t\u00edtulo &#8220;<a title=\"Pensar em esquerda e direita ainda faz sentido?\" href=\"http:\/\/www.fpabramo.org.br\/artigos-e-boletins\/artigos\/pensar-em-esquerda-e-direita-ainda-faz-sentido\" target=\"_blank\" rel=\"noopener noreferrer\">Pensar em esquerda e direita ainda faz sentido?<\/a>&#8220;.<\/p>\n<p>H\u00e1 tempos essa quest\u00e3o vem sendo posta como se a diferen\u00e7a n\u00e3o mais existisse. Como se f\u00f4ssemos todos iguais. Por tr\u00e1s desse discurso, uma perigosa fal\u00e1cia que quer fazer com que todos acreditem que o caminho \u00e9 um s\u00f3. Mas, todos n\u00f3s sabemos, os caminhos s\u00e3o muitos, as solu\u00e7\u00f5es s\u00e3o diferentes. Ainda precisamos estender nossa reflex\u00e3o para pensar na responsabilidade da esquerda nessa configura\u00e7\u00e3o na qual as diferen\u00e7as se esvaem. Essa reflex\u00e3o \u00e9 fundamental para que a gente continue a discutir e debater as nossas m\u00faltiplas formas de ver o mundo. De qualquer forma, o artigo tem o m\u00e9rito de pautar o assunto. Temos de avan\u00e7ar no debate.<\/p>\n<p>Os que sabem que a diferen\u00e7a existe s\u00e3o aqueles que acreditam, sempre, que um novo (e melhor) mundo \u00e9 poss\u00edvel e sempre ser\u00e1.<\/p>\n","protected":false},"excerpt":{"rendered":"<p>Sugiro a leitura de um artigo interessante que vi no s\u00edtio da Funda\u00e7\u00e3o Perseu Abramo. O texto, de autoria de Gerson Almeida, traz o instigante t\u00edtulo &#8220;Pensar em esquerda e direita ainda faz sentido?&#8220;. H\u00e1 tempos essa quest\u00e3o vem sendo posta como se a diferen\u00e7a n\u00e3o mais existisse. Como se f\u00f4ssemos todos iguais. Por tr\u00e1s &hellip; <\/p>\n<p class=\"link-more\"><a href=\"https:\/\/patrusananias.com.br\/blog\/esquerda-e-direita-grandes-diferencas\/\" class=\"more-link\">Continue lendo<span class=\"screen-reader-text\"> &#8220;Esquerda e direita: grandes diferen\u00e7as&#8221;<\/span><\/a><\/p>\n","protected":false},"author":2,"featured_media":0,"comment_status":"open","ping_status":"open","sticky":false,"template":"","format":"standard","meta":{"footnotes":""},"categories":[16],"tags":[],"views":318,"_links":{"self":[{"href":"https:\/\/patrusananias.com.br\/blog\/wp-json\/wp\/v2\/posts\/373"}],"collection":[{"href":"https:\/\/patrusananias.com.br\/blog\/wp-json\/wp\/v2\/posts"}],"about":[{"href":"https:\/\/patrusananias.com.br\/blog\/wp-json\/wp\/v2\/types\/post"}],"author":[{"embeddable":true,"href":"https:\/\/patrusananias.com.br\/blog\/wp-json\/wp\/v2\/users\/2"}],"replies":[{"embeddable":true,"href":"https:\/\/patrusananias.com.br\/blog\/wp-json\/wp\/v2\/comments?post=373"}],"version-history":[{"count":1,"href":"https:\/\/patrusananias.com.br\/blog\/wp-json\/wp\/v2\/posts\/373\/revisions"}],"predecessor-version":[{"id":6443,"href":"https:\/\/patrusananias.com.br\/blog\/wp-json\/wp\/v2\/posts\/373\/revisions\/6443"}],"wp:attachment":[{"href":"https:\/\/patrusananias.com.br\/blog\/wp-json\/wp\/v2\/media?parent=373"}],"wp:term":[{"taxonomy":"category","embeddable":true,"href":"https:\/\/patrusananias.com.br\/blog\/wp-json\/wp\/v2\/categories?post=373"},{"taxonomy":"post_tag","embeddable":true,"href":"https:\/\/patrusananias.com.br\/blog\/wp-json\/wp\/v2\/tags?post=373"}],"curies":[{"name":"wp","href":"https:\/\/api.w.org\/{rel}","templated":true}]}}