{"id":3683,"date":"2019-05-25T17:28:08","date_gmt":"2019-05-25T20:28:08","guid":{"rendered":"http:\/\/patrusananias.com.br\/blog\/?p=3683"},"modified":"2022-11-03T10:55:40","modified_gmt":"2022-11-03T13:55:40","slug":"em-januaria-debatendo-educacao-com-estudantes-e-professores","status":"publish","type":"post","link":"https:\/\/patrusananias.com.br\/blog\/em-januaria-debatendo-educacao-com-estudantes-e-professores\/","title":{"rendered":"Em Janu\u00e1ria, debatendo educa\u00e7\u00e3o com estudantes e professores"},"content":{"rendered":"<p>Promover o di\u00e1logo e conhecer com mais profundidade as realidades locais. Com este intuito estive em Janu\u00e1ria, Norte de Minas, onde debati com estudantes e professores, trabalhadoras e trabalhadores, a Reforma da Previd\u00eancia e os cortes na Educa\u00e7\u00e3o.<\/p>\n<p>Fica cada vez mais claro que o Brasil precisa de pessoas interessadas no bem comum.<br \/>\nA atual conjuntura nos coloca grandes desafios, mas este momento n\u00e3o vai durar para sempre e, desde j\u00e1, temos que pensar sobre o projeto educacional que queremos.<\/p>\n<p><a href=\"http:\/\/patrusananias.com.br\/blog\/wp-content\/uploads\/2019\/05\/IMG-20190525-WA0486.jpg\"><img fetchpriority=\"high\" decoding=\"async\" class=\"alignnone size-large wp-image-3684\" alt=\"IMG-20190525-WA0486\" src=\"http:\/\/patrusananias.com.br\/blog\/wp-content\/uploads\/2019\/05\/IMG-20190525-WA0486-1024x768.jpg\" width=\"584\" height=\"438\" \/><\/a> <a href=\"http:\/\/patrusananias.com.br\/blog\/wp-content\/uploads\/2019\/05\/IMG-20190525-WA0487.jpg\"><img decoding=\"async\" class=\"alignnone size-large wp-image-3685\" alt=\"IMG-20190525-WA0487\" src=\"http:\/\/patrusananias.com.br\/blog\/wp-content\/uploads\/2019\/05\/IMG-20190525-WA0487-1024x768.jpg\" width=\"584\" height=\"438\" \/><\/a><\/p>\n<p>EDUCA\u00c7\u00c3O \u00c9 INVESTIMENTO e exige INTEGRA\u00c7\u00c3O com outras pol\u00edticas p\u00fablicas. Educa\u00e7\u00e3o n\u00e3o pode se subordinar aos interesses do capital, \u00e9 um direito individual e um valor coletivo e de constru\u00e7\u00e3o da soberania nacional.<\/p>\n","protected":false},"excerpt":{"rendered":"<p>Promover o di\u00e1logo e conhecer com mais profundidade as realidades locais. Com este intuito estive em Janu\u00e1ria, Norte de Minas, onde debati com estudantes e professores, trabalhadoras e trabalhadores, a Reforma da Previd\u00eancia e os cortes na Educa\u00e7\u00e3o. Fica cada vez mais claro que o Brasil precisa de pessoas interessadas no bem comum. A atual &hellip; <\/p>\n<p class=\"link-more\"><a href=\"https:\/\/patrusananias.com.br\/blog\/em-januaria-debatendo-educacao-com-estudantes-e-professores\/\" class=\"more-link\">Continue lendo<span class=\"screen-reader-text\"> &#8220;Em Janu\u00e1ria, debatendo educa\u00e7\u00e3o com estudantes e professores&#8221;<\/span><\/a><\/p>\n","protected":false},"author":2,"featured_media":0,"comment_status":"open","ping_status":"open","sticky":false,"template":"","format":"standard","meta":{"footnotes":""},"categories":[13,14,3,27,18,35,10,41],"tags":[],"views":232,"_links":{"self":[{"href":"https:\/\/patrusananias.com.br\/blog\/wp-json\/wp\/v2\/posts\/3683"}],"collection":[{"href":"https:\/\/patrusananias.com.br\/blog\/wp-json\/wp\/v2\/posts"}],"about":[{"href":"https:\/\/patrusananias.com.br\/blog\/wp-json\/wp\/v2\/types\/post"}],"author":[{"embeddable":true,"href":"https:\/\/patrusananias.com.br\/blog\/wp-json\/wp\/v2\/users\/2"}],"replies":[{"embeddable":true,"href":"https:\/\/patrusananias.com.br\/blog\/wp-json\/wp\/v2\/comments?post=3683"}],"version-history":[{"count":1,"href":"https:\/\/patrusananias.com.br\/blog\/wp-json\/wp\/v2\/posts\/3683\/revisions"}],"predecessor-version":[{"id":6847,"href":"https:\/\/patrusananias.com.br\/blog\/wp-json\/wp\/v2\/posts\/3683\/revisions\/6847"}],"wp:attachment":[{"href":"https:\/\/patrusananias.com.br\/blog\/wp-json\/wp\/v2\/media?parent=3683"}],"wp:term":[{"taxonomy":"category","embeddable":true,"href":"https:\/\/patrusananias.com.br\/blog\/wp-json\/wp\/v2\/categories?post=3683"},{"taxonomy":"post_tag","embeddable":true,"href":"https:\/\/patrusananias.com.br\/blog\/wp-json\/wp\/v2\/tags?post=3683"}],"curies":[{"name":"wp","href":"https:\/\/api.w.org\/{rel}","templated":true}]}}