{"id":3644,"date":"2019-04-17T20:06:13","date_gmt":"2019-04-17T23:06:13","guid":{"rendered":"http:\/\/patrusananias.com.br\/blog\/?p=3644"},"modified":"2022-11-03T10:55:40","modified_gmt":"2022-11-03T13:55:40","slug":"em-defesa-da-jornada-de-30h-para-o-profissional-de-enfermagem","status":"publish","type":"post","link":"https:\/\/patrusananias.com.br\/blog\/em-defesa-da-jornada-de-30h-para-o-profissional-de-enfermagem\/","title":{"rendered":"Em defesa da jornada de 30h para o profissional de enfermagem"},"content":{"rendered":"<p>Manifesto meu respeito e reconhecimento a todos os profissionais de sa\u00fade do pa\u00eds, representados pelos mais de cem enfermeiras e enfermeiros de Minas que estiveram na C\u00e2mara dos Deputados.<\/p>\n<p>A implanta\u00e7\u00e3o da jornada de trabalho de 30 horas semanais, sem redu\u00e7\u00e3o salarial, \u00e9 uma demanda justa e necess\u00e1ria. \u00c9 uma causa que defendo h\u00e1 muitos anos.<\/p>\n<p>Temos que reconhecer que por vezes \u00e9 muito doloroso o trabalho das enfermeiras e dos enfermeiros que cuidam de pessoas fragilizadas. Isso nos faz lembrar a cada momento os limites da nossa condi\u00e7\u00e3o humana. E este trabalho, feito com este desvelo, com esse amor, exige tamb\u00e9m uma condi\u00e7\u00e3o f\u00edsica, ps\u00edquica e emocional adequada a essa fun\u00e7\u00e3o. E \u00e9 para garantir essa condi\u00e7\u00e3o que a Organiza\u00e7\u00e3o Mundial de Sa\u00fade estipulou a jornada de 30h como recomendado.<\/p>\n<div style=\"width: 400px;\" class=\"wp-video\"><!--[if lt IE 9]><script>document.createElement('video');<\/script><![endif]-->\n<video class=\"wp-video-shortcode\" id=\"video-3644-1\" width=\"400\" height=\"220\" preload=\"metadata\" controls=\"controls\"><source type=\"video\/mp4\" src=\"http:\/\/patrusananias.com.br\/blog\/wp-content\/uploads\/2019\/05\/58129026_1572869422850284_4486114587875213312_n.mp4?_=1\" \/><a href=\"http:\/\/patrusananias.com.br\/blog\/wp-content\/uploads\/2019\/05\/58129026_1572869422850284_4486114587875213312_n.mp4\">http:\/\/patrusananias.com.br\/blog\/wp-content\/uploads\/2019\/05\/58129026_1572869422850284_4486114587875213312_n.mp4<\/a><\/video><\/div>\n","protected":false},"excerpt":{"rendered":"<p>Manifesto meu respeito e reconhecimento a todos os profissionais de sa\u00fade do pa\u00eds, representados pelos mais de cem enfermeiras e enfermeiros de Minas que estiveram na C\u00e2mara dos Deputados. A implanta\u00e7\u00e3o da jornada de trabalho de 30 horas semanais, sem redu\u00e7\u00e3o salarial, \u00e9 uma demanda justa e necess\u00e1ria. \u00c9 uma causa que defendo h\u00e1 muitos &hellip; <\/p>\n<p class=\"link-more\"><a href=\"https:\/\/patrusananias.com.br\/blog\/em-defesa-da-jornada-de-30h-para-o-profissional-de-enfermagem\/\" class=\"more-link\">Continue lendo<span class=\"screen-reader-text\"> &#8220;Em defesa da jornada de 30h para o profissional de enfermagem&#8221;<\/span><\/a><\/p>\n","protected":false},"author":2,"featured_media":0,"comment_status":"open","ping_status":"open","sticky":false,"template":"","format":"standard","meta":{"footnotes":""},"categories":[45],"tags":[],"views":251,"_links":{"self":[{"href":"https:\/\/patrusananias.com.br\/blog\/wp-json\/wp\/v2\/posts\/3644"}],"collection":[{"href":"https:\/\/patrusananias.com.br\/blog\/wp-json\/wp\/v2\/posts"}],"about":[{"href":"https:\/\/patrusananias.com.br\/blog\/wp-json\/wp\/v2\/types\/post"}],"author":[{"embeddable":true,"href":"https:\/\/patrusananias.com.br\/blog\/wp-json\/wp\/v2\/users\/2"}],"replies":[{"embeddable":true,"href":"https:\/\/patrusananias.com.br\/blog\/wp-json\/wp\/v2\/comments?post=3644"}],"version-history":[{"count":1,"href":"https:\/\/patrusananias.com.br\/blog\/wp-json\/wp\/v2\/posts\/3644\/revisions"}],"predecessor-version":[{"id":6843,"href":"https:\/\/patrusananias.com.br\/blog\/wp-json\/wp\/v2\/posts\/3644\/revisions\/6843"}],"wp:attachment":[{"href":"https:\/\/patrusananias.com.br\/blog\/wp-json\/wp\/v2\/media?parent=3644"}],"wp:term":[{"taxonomy":"category","embeddable":true,"href":"https:\/\/patrusananias.com.br\/blog\/wp-json\/wp\/v2\/categories?post=3644"},{"taxonomy":"post_tag","embeddable":true,"href":"https:\/\/patrusananias.com.br\/blog\/wp-json\/wp\/v2\/tags?post=3644"}],"curies":[{"name":"wp","href":"https:\/\/api.w.org\/{rel}","templated":true}]}}