{"id":3568,"date":"2019-04-04T11:36:34","date_gmt":"2019-04-04T14:36:34","guid":{"rendered":"http:\/\/patrusananias.com.br\/blog\/?p=3568"},"modified":"2022-11-03T10:46:25","modified_gmt":"2022-11-03T13:46:25","slug":"com-iniciativa-de-patrus-parlamentares-do-pt-debatem-conjuntura-mineira","status":"publish","type":"post","link":"https:\/\/patrusananias.com.br\/blog\/com-iniciativa-de-patrus-parlamentares-do-pt-debatem-conjuntura-mineira\/","title":{"rendered":"Com iniciativa de Patrus, parlamentares do PT debatem conjuntura mineira"},"content":{"rendered":"<p>A minha iniciativa, conversar sobre a conjuntura mineira sem perder de vista o cen\u00e1rio nacional, foi muito bem acolhida pelas candidaturas \u00e0 deputado estadual, com as quais fiz parceria durante a campanha eleitoral de 2018.<\/p>\n<p>A fragilidade fiscal e a incapacidade do governo mineiro \u2014 quadro agravado pelo crime da Vale, em Brumadinho, que exp\u00f5e o esgotamento desse modelo de minera\u00e7\u00e3o, associada \u00e0 op\u00e7\u00e3o, j\u00e1 anunciada, pelo governador Zema em aderir ao programa de ajuste fiscal do\u00a0governo federal \u2014 apontam inevitavelmente para a privatiza\u00e7\u00e3o da Cemig e da Copasa, al\u00e9m, \u00e9 claro, do congelamento do sal\u00e1rio dos servidores p\u00fablicos.<\/p>\n<div>\n<p>Nesse cen\u00e1rio desafiador, entre um governo estadual omisso e um governo federal que ataca diariamente direitos constitucionais, conquistas hist\u00f3ricas de segmentos mais vulner\u00e1veis da sociedade, as for\u00e7as sociais comprometidas com a democracia e a justi\u00e7a social precisam buscar a unidade e recha\u00e7ar propostas como as reformas previdenci\u00e1ria e trabalhista e, mais do que nunca, lutar pela defesa do patrim\u00f4nio p\u00fablico e pela soberania do Brasil.<\/p>\n<p>Mais do que derrotar as propostas que levam o povo brasileiro de volta ao s\u00e9culo XIX, vamos construir uma agenda de enfrentamento que preserve o Estado Democr\u00e1tico de Direito que certamente passa pelo di\u00e1logo com os mais diversos setores da sociedade para a constru\u00e7\u00e3o de um projeto nacional.<\/p>\n<p>O encontro, o 1\u00ba de muitos que pretendo fazer, realizado na \u00faltima segunda (1\u00ba), em Belo Horizonte, contou com a participa\u00e7\u00e3o de deputados estaduais do PT, Bet\u00e3o Leninha e Andr\u00e9 Quint\u00e3o; o vereador Pedro Patrus e militantes hist\u00f3ricos; a ex-secret\u00e1ria de Estado de Educa\u00e7\u00e3o, Maca\u00e9 Evaristo; a ex-deputada e ex-prefeita de Betim, Maria do Carmo Lara; a ex-deputada Geiza Teixeira, a diretora de Pol\u00edticas Sociais e Previd\u00eancia da Federa\u00e7\u00e3o dos Trabalhadores na Agricultura do Estado de Minas Gerais (Fetaemg), Maria Alves e Leleco Pimentel; todos eles candidatos na \u00faltima elei\u00e7\u00e3o.<\/p>\n<p>Tamb\u00e9m presentes o assessor da deputada Mar\u00edlia Campos, Andr\u00e9 Teixeira; o assessor do deputado Andr\u00e9 Quint\u00e3o, Wagner Caetano; a assessora do Bet\u00e3o, Sumara Ribeiro; o sindicalista Guido Coutinho; o assessor de Pedro Patrus, Eug\u00eanio Pasqualini; a secret\u00e1ria Municipal de Assist\u00eancia Social, Seguran\u00e7a Alimentar e Cidadania de BH, Ma\u00edra Colares; e o assessor da deputada Leninha, Allan Silveira.<\/p>\n<p><a href=\"http:\/\/patrusananias.com.br\/blog\/wp-content\/uploads\/2019\/04\/56514055_2247704941960635_4936402412341559296_n.jpg\"><img fetchpriority=\"high\" decoding=\"async\" class=\"alignnone size-full wp-image-3569\" alt=\"56514055_2247704941960635_4936402412341559296_n\" src=\"http:\/\/patrusananias.com.br\/blog\/wp-content\/uploads\/2019\/04\/56514055_2247704941960635_4936402412341559296_n.jpg\" width=\"960\" height=\"960\" \/><\/a><\/p>\n<\/div>\n","protected":false},"excerpt":{"rendered":"<p>A minha iniciativa, conversar sobre a conjuntura mineira sem perder de vista o cen\u00e1rio nacional, foi muito bem acolhida pelas candidaturas \u00e0 deputado estadual, com as quais fiz parceria durante a campanha eleitoral de 2018. A fragilidade fiscal e a incapacidade do governo mineiro \u2014 quadro agravado pelo crime da Vale, em Brumadinho, que exp\u00f5e &hellip; <\/p>\n<p class=\"link-more\"><a href=\"https:\/\/patrusananias.com.br\/blog\/com-iniciativa-de-patrus-parlamentares-do-pt-debatem-conjuntura-mineira\/\" class=\"more-link\">Continue lendo<span class=\"screen-reader-text\"> &#8220;Com iniciativa de Patrus, parlamentares do PT debatem conjuntura mineira&#8221;<\/span><\/a><\/p>\n","protected":false},"author":2,"featured_media":3569,"comment_status":"open","ping_status":"open","sticky":false,"template":"","format":"standard","meta":{"footnotes":""},"categories":[13,14,3,18,7,19,10,41,16],"tags":[170,258,133,259,260,261,200,262,263,174,264,130,265,266,267,268,185],"views":325,"_links":{"self":[{"href":"https:\/\/patrusananias.com.br\/blog\/wp-json\/wp\/v2\/posts\/3568"}],"collection":[{"href":"https:\/\/patrusananias.com.br\/blog\/wp-json\/wp\/v2\/posts"}],"about":[{"href":"https:\/\/patrusananias.com.br\/blog\/wp-json\/wp\/v2\/types\/post"}],"author":[{"embeddable":true,"href":"https:\/\/patrusananias.com.br\/blog\/wp-json\/wp\/v2\/users\/2"}],"replies":[{"embeddable":true,"href":"https:\/\/patrusananias.com.br\/blog\/wp-json\/wp\/v2\/comments?post=3568"}],"version-history":[{"count":1,"href":"https:\/\/patrusananias.com.br\/blog\/wp-json\/wp\/v2\/posts\/3568\/revisions"}],"predecessor-version":[{"id":6709,"href":"https:\/\/patrusananias.com.br\/blog\/wp-json\/wp\/v2\/posts\/3568\/revisions\/6709"}],"wp:featuredmedia":[{"embeddable":true,"href":"https:\/\/patrusananias.com.br\/blog\/wp-json\/"}],"wp:attachment":[{"href":"https:\/\/patrusananias.com.br\/blog\/wp-json\/wp\/v2\/media?parent=3568"}],"wp:term":[{"taxonomy":"category","embeddable":true,"href":"https:\/\/patrusananias.com.br\/blog\/wp-json\/wp\/v2\/categories?post=3568"},{"taxonomy":"post_tag","embeddable":true,"href":"https:\/\/patrusananias.com.br\/blog\/wp-json\/wp\/v2\/tags?post=3568"}],"curies":[{"name":"wp","href":"https:\/\/api.w.org\/{rel}","templated":true}]}}