{"id":3550,"date":"2019-03-25T14:37:04","date_gmt":"2019-03-25T17:37:04","guid":{"rendered":"http:\/\/patrusananias.com.br\/blog\/?p=3550"},"modified":"2022-08-31T11:31:57","modified_gmt":"2022-08-31T14:31:57","slug":"mineracao-aqui-nao-patrus-no-1o-forum-das-aguas-de-belisario-em-muriae-mg","status":"publish","type":"post","link":"https:\/\/patrusananias.com.br\/blog\/mineracao-aqui-nao-patrus-no-1o-forum-das-aguas-de-belisario-em-muriae-mg\/","title":{"rendered":"MINERA\u00c7\u00c3O, AQUI N\u00c3O!  Patrus no 1\u00ba F\u00f3rum das \u00c1guas de Belis\u00e1rio, em Muria\u00e9-MG"},"content":{"rendered":"<p>Temos que refletir sobre a insensatez humana em rela\u00e7\u00e3o \u00e0 natureza. N\u00f3s recebemos de gra\u00e7a o ar que respiramos; recebemos de gra\u00e7a a terra sobre a qual nos movimentamos, nos erguemos, edificamos nossas casas, nossas cidades e tiramos nosso sustento. N\u00e3o satisfeitos, ao inv\u00e9s de aproveitarmos bem, estamos envenenando o ar, a terra e a \u00e1gua.<\/p>\n<div>\n<p>Em nosso pa\u00eds, a discuss\u00e3o da preserva\u00e7\u00e3o ambiental passa pela fun\u00e7\u00e3o social da terra e da \u00e1gua. Teoricamente, a \u00e1gua \u00e9 um bem p\u00fablico e est\u00e1 vinculada \u00e0 terra, que \u00e9 vista no Brasil como um bem privado, sem limites. O direito de propriedade no Brasil \u00e9 do s\u00e9culo XIX. \u00c9 o direito de ter, usar e abusar.<\/p>\n<p><a href=\"http:\/\/patrusananias.com.br\/blog\/wp-content\/uploads\/2019\/03\/20190323_163601.jpg\"><img fetchpriority=\"high\" decoding=\"async\" class=\"alignnone size-large wp-image-3551\" alt=\"20190323_163601\" src=\"http:\/\/patrusananias.com.br\/blog\/wp-content\/uploads\/2019\/03\/20190323_163601-1024x768.jpg\" width=\"584\" height=\"438\" \/><\/a><\/p>\n<p>Para preservar a \u00e1gua, esse bem sagrado, temos que preservar a terra. O direito de propriedade n\u00e3o pode ser absoluto, tem que estar adequado \u00e0s exig\u00eancias do bem comum, do interesse coletivo e p\u00fablico, o direito de propriedade tem limites em rela\u00e7\u00e3o a essas exig\u00eancias.<\/p>\n<p>Essas foram algumas reflex\u00f5es que coloquei para os participantes do 1\u00ba F\u00f3rum das \u00c1guas de Belis\u00e1rio, distrito de Muria\u00e9, na Zona da Mata mineira. Realizado no \u00faltimo final de semana, o F\u00f3rum reuniu dezenas de representantes de movimentos sociais, ambientalistas, l\u00edderes da Igreja e a comunidade de Belis\u00e1rio e entorno para discutir os impactos da minera\u00e7\u00e3o no meio ambiente.<\/p>\n<p>A primeira edi\u00e7\u00e3o do F\u00f3rum aconteceu ap\u00f3s uma conquista hist\u00f3rica da comunidade. O reconhecimento de uma \u00e1rea de 10 mil hectares (10 mil campos de futebol), com uma estimativa de abrigar duas mil nascentes, como Patrim\u00f4nio H\u00eddrico Municipal de Muria\u00e9 (Lei Municipal 5.763), em novembro de 2018.<\/p>\n<p>A \u00e1rea est\u00e1 na sub-bacia do rio Muria\u00e9, um dos afluentes do rio Para\u00edba do Sul, abrange o distrito de Belis\u00e1rio e chega aos limites de Muria\u00e9 com Miradouro, Erv\u00e1lia e Ros\u00e1rio da Limeira. A regi\u00e3o possui ainda o Parque Estadual Serra Brigadeiro, o Parque Municipal do Itajuru, as \u00c1reas de Prote\u00e7\u00e3o Ambiental Municipal Pico do Itajur\u00fa, Araponga, Fervedouro e Reservas Particulares do Patrim\u00f4nio Natural, em Araponga.<\/p>\n<p><a href=\"http:\/\/patrusananias.com.br\/blog\/wp-content\/uploads\/2019\/03\/20190323_163821.jpg\"><img decoding=\"async\" class=\"alignnone size-large wp-image-3552\" alt=\"20190323_163821\" src=\"http:\/\/patrusananias.com.br\/blog\/wp-content\/uploads\/2019\/03\/20190323_163821-1024x323.jpg\" width=\"584\" height=\"184\" \/><\/a><\/p>\n<p>No territ\u00f3rio da Serra do Brigadeiro, rico em bauxita, diversas organiza\u00e7\u00f5es atuam na resist\u00eancia \u00e0 expans\u00e3o de projetos de minera\u00e7\u00e3o e a mobiliza\u00e7\u00e3o social j\u00e1 deu sua resposta. Minera\u00e7\u00e3o, aqui n\u00e3o!<\/p>\n<\/div>\n","protected":false},"excerpt":{"rendered":"<p>Temos que refletir sobre a insensatez humana em rela\u00e7\u00e3o \u00e0 natureza. N\u00f3s recebemos de gra\u00e7a o ar que respiramos; recebemos de gra\u00e7a a terra sobre a qual nos movimentamos, nos erguemos, edificamos nossas casas, nossas cidades e tiramos nosso sustento. N\u00e3o satisfeitos, ao inv\u00e9s de aproveitarmos bem, estamos envenenando o ar, a terra e a &hellip; <\/p>\n<p class=\"link-more\"><a href=\"https:\/\/patrusananias.com.br\/blog\/mineracao-aqui-nao-patrus-no-1o-forum-das-aguas-de-belisario-em-muriae-mg\/\" class=\"more-link\">Continue lendo<span class=\"screen-reader-text\"> &#8220;MINERA\u00c7\u00c3O, AQUI N\u00c3O!  Patrus no 1\u00ba F\u00f3rum das \u00c1guas de Belis\u00e1rio, em Muria\u00e9-MG&#8221;<\/span><\/a><\/p>\n","protected":false},"author":2,"featured_media":3552,"comment_status":"open","ping_status":"open","sticky":false,"template":"","format":"standard","meta":{"footnotes":""},"categories":[13,2,14,23,27,25,10,41],"tags":[240,223,224,162,225,241],"views":530,"_links":{"self":[{"href":"https:\/\/patrusananias.com.br\/blog\/wp-json\/wp\/v2\/posts\/3550"}],"collection":[{"href":"https:\/\/patrusananias.com.br\/blog\/wp-json\/wp\/v2\/posts"}],"about":[{"href":"https:\/\/patrusananias.com.br\/blog\/wp-json\/wp\/v2\/types\/post"}],"author":[{"embeddable":true,"href":"https:\/\/patrusananias.com.br\/blog\/wp-json\/wp\/v2\/users\/2"}],"replies":[{"embeddable":true,"href":"https:\/\/patrusananias.com.br\/blog\/wp-json\/wp\/v2\/comments?post=3550"}],"version-history":[{"count":1,"href":"https:\/\/patrusananias.com.br\/blog\/wp-json\/wp\/v2\/posts\/3550\/revisions"}],"predecessor-version":[{"id":6974,"href":"https:\/\/patrusananias.com.br\/blog\/wp-json\/wp\/v2\/posts\/3550\/revisions\/6974"}],"wp:featuredmedia":[{"embeddable":true,"href":"https:\/\/patrusananias.com.br\/blog\/wp-json\/"}],"wp:attachment":[{"href":"https:\/\/patrusananias.com.br\/blog\/wp-json\/wp\/v2\/media?parent=3550"}],"wp:term":[{"taxonomy":"category","embeddable":true,"href":"https:\/\/patrusananias.com.br\/blog\/wp-json\/wp\/v2\/categories?post=3550"},{"taxonomy":"post_tag","embeddable":true,"href":"https:\/\/patrusananias.com.br\/blog\/wp-json\/wp\/v2\/tags?post=3550"}],"curies":[{"name":"wp","href":"https:\/\/api.w.org\/{rel}","templated":true}]}}