{"id":3528,"date":"2019-03-21T09:01:39","date_gmt":"2019-03-21T12:01:39","guid":{"rendered":"http:\/\/patrusananias.com.br\/blog\/?p=3528"},"modified":"2022-11-03T10:57:37","modified_gmt":"2022-11-03T13:57:37","slug":"patrus-encerra-forum-das-aguas-em-muriae-mg-no-proximo-domingo","status":"publish","type":"post","link":"https:\/\/patrusananias.com.br\/blog\/patrus-encerra-forum-das-aguas-em-muriae-mg-no-proximo-domingo\/","title":{"rendered":"Patrus encerra F\u00f3rum das \u00c1guas em Muria\u00e9-MG no pr\u00f3ximo domingo"},"content":{"rendered":"<p>Neste s\u00e1bado (23), Patrus encerra o 1\u00ba F\u00f3rum das \u00c1guas \u2014 Belis\u00e1rio \u00e9 Patrim\u00f4nio H\u00eddrico, em Muria\u00e9 (MG). A 1\u00aa edi\u00e7\u00e3o do f\u00f3rum se soma \u00e0 j\u00e1 conhecida Caminhada das \u00c1guas, prevista para o domingo (24), e marca a conquista de moradores e lideran\u00e7as em defesa do meio ambiente.<\/p>\n<p>Participe: Escola Estadual Pedro Vicente de Freitas, Belis\u00e1rio Muria\u00e9. S\u00e1bado (23) e domingo (24), a partir das 9h.<\/p>\n<p>Leia a mat\u00e9ria em:\u00a0<a href=\"http:\/\/www.gazetademuriae.com.br\/site\/noticia\/detalhe\/10493\/deputado-federal-patrus-ananias-encerra-forum-das-aguas-de-belisario-dia-23\">http:\/\/www.gazetademuriae.com.br\/site\/noticia\/detalhe\/10493\/deputado-federal-patrus-ananias-encerra-forum-das-aguas-de-belisario-dia-23<\/a><\/p>\n","protected":false},"excerpt":{"rendered":"<p>Neste s\u00e1bado (23), Patrus encerra o 1\u00ba F\u00f3rum das \u00c1guas \u2014 Belis\u00e1rio \u00e9 Patrim\u00f4nio H\u00eddrico, em Muria\u00e9 (MG). A 1\u00aa edi\u00e7\u00e3o do f\u00f3rum se soma \u00e0 j\u00e1 conhecida Caminhada das \u00c1guas, prevista para o domingo (24), e marca a conquista de moradores e lideran\u00e7as em defesa do meio ambiente. Participe: Escola Estadual Pedro Vicente de &hellip; <\/p>\n<p class=\"link-more\"><a href=\"https:\/\/patrusananias.com.br\/blog\/patrus-encerra-forum-das-aguas-em-muriae-mg-no-proximo-domingo\/\" class=\"more-link\">Continue lendo<span class=\"screen-reader-text\"> &#8220;Patrus encerra F\u00f3rum das \u00c1guas em Muria\u00e9-MG no pr\u00f3ximo domingo&#8221;<\/span><\/a><\/p>\n","protected":false},"author":2,"featured_media":0,"comment_status":"open","ping_status":"open","sticky":false,"template":"","format":"standard","meta":{"footnotes":""},"categories":[13,14,25,10,5,41],"tags":[223,224,225,226],"views":285,"_links":{"self":[{"href":"https:\/\/patrusananias.com.br\/blog\/wp-json\/wp\/v2\/posts\/3528"}],"collection":[{"href":"https:\/\/patrusananias.com.br\/blog\/wp-json\/wp\/v2\/posts"}],"about":[{"href":"https:\/\/patrusananias.com.br\/blog\/wp-json\/wp\/v2\/types\/post"}],"author":[{"embeddable":true,"href":"https:\/\/patrusananias.com.br\/blog\/wp-json\/wp\/v2\/users\/2"}],"replies":[{"embeddable":true,"href":"https:\/\/patrusananias.com.br\/blog\/wp-json\/wp\/v2\/comments?post=3528"}],"version-history":[{"count":1,"href":"https:\/\/patrusananias.com.br\/blog\/wp-json\/wp\/v2\/posts\/3528\/revisions"}],"predecessor-version":[{"id":7168,"href":"https:\/\/patrusananias.com.br\/blog\/wp-json\/wp\/v2\/posts\/3528\/revisions\/7168"}],"wp:attachment":[{"href":"https:\/\/patrusananias.com.br\/blog\/wp-json\/wp\/v2\/media?parent=3528"}],"wp:term":[{"taxonomy":"category","embeddable":true,"href":"https:\/\/patrusananias.com.br\/blog\/wp-json\/wp\/v2\/categories?post=3528"},{"taxonomy":"post_tag","embeddable":true,"href":"https:\/\/patrusananias.com.br\/blog\/wp-json\/wp\/v2\/tags?post=3528"}],"curies":[{"name":"wp","href":"https:\/\/api.w.org\/{rel}","templated":true}]}}