{"id":3439,"date":"2019-02-01T22:11:47","date_gmt":"2019-02-02T00:11:47","guid":{"rendered":"http:\/\/patrusananias.com.br\/blog\/?p=3439"},"modified":"2022-11-03T10:57:38","modified_gmt":"2022-11-03T13:57:38","slug":"patrus-no-lancamento-do-observatorio-da-democracia","status":"publish","type":"post","link":"https:\/\/patrusananias.com.br\/blog\/patrus-no-lancamento-do-observatorio-da-democracia\/","title":{"rendered":"Patrus no lan\u00e7amento do Observat\u00f3rio da Democracia"},"content":{"rendered":"<p>Patrus participou do lan\u00e7amento do Observat\u00f3rio da Democracia, resultado do esfor\u00e7o de sete funda\u00e7\u00f5es partid\u00e1rias que v\u00e3o acompanhar e avaliar as a\u00e7\u00f5es do atual governo.<\/p>\n<p>O Observat\u00f3rio foi criado pelas funda\u00e7\u00f5es Perseu Abramo (PT), Jo\u00e3o Mangabeira (PSB), Lauro Campos (PSOL), Leonel Brizola-Alberto Pasqualini (PDT), Maur\u00edcio Grabois (PCdoB), Da Ordem Social (PROS), 1\u00ba de Maio (Solidariedade).<\/p>\n<p>Segundo seus presidentes, o Observat\u00f3rio da Democracia \u00e9 o compromisso com a manuten\u00e7\u00e3o da soberania e da democracia no Pa\u00eds, e ser\u00e1 um espa\u00e7o aberto para as vozes defensoras da democracia.<\/p>\n<p><a href=\"http:\/\/patrusananias.com.br\/blog\/wp-content\/uploads\/2019\/02\/51330678_2157758280955302_3341911742325194752_n.jpg\"><img fetchpriority=\"high\" decoding=\"async\" class=\"alignnone size-full wp-image-3440\" alt=\"51330678_2157758280955302_3341911742325194752_n\" src=\"http:\/\/patrusananias.com.br\/blog\/wp-content\/uploads\/2019\/02\/51330678_2157758280955302_3341911742325194752_n.jpg\" width=\"960\" height=\"540\" \/><\/a><\/p>\n<div>\n<p>Ser\u00e3o acompanhados os temas como Soberania, Infraestruturas, Produ\u00e7\u00e3o e Inova\u00e7\u00e3o, e as Dimens\u00f5es Sociais e Ambientais das pr\u00e1ticas do governo Bolsonaro.<\/p>\n<p>O portal do Observat\u00f3rio da Democracia tornar\u00e1 p\u00fablico os resultados do monitoramento.<\/p>\n<\/div>\n","protected":false},"excerpt":{"rendered":"<p>Patrus participou do lan\u00e7amento do Observat\u00f3rio da Democracia, resultado do esfor\u00e7o de sete funda\u00e7\u00f5es partid\u00e1rias que v\u00e3o acompanhar e avaliar as a\u00e7\u00f5es do atual governo. O Observat\u00f3rio foi criado pelas funda\u00e7\u00f5es Perseu Abramo (PT), Jo\u00e3o Mangabeira (PSB), Lauro Campos (PSOL), Leonel Brizola-Alberto Pasqualini (PDT), Maur\u00edcio Grabois (PCdoB), Da Ordem Social (PROS), 1\u00ba de Maio (Solidariedade). &hellip; <\/p>\n<p class=\"link-more\"><a href=\"https:\/\/patrusananias.com.br\/blog\/patrus-no-lancamento-do-observatorio-da-democracia\/\" class=\"more-link\">Continue lendo<span class=\"screen-reader-text\"> &#8220;Patrus no lan\u00e7amento do Observat\u00f3rio da Democracia&#8221;<\/span><\/a><\/p>\n","protected":false},"author":2,"featured_media":0,"comment_status":"open","ping_status":"open","sticky":false,"template":"","format":"standard","meta":{"footnotes":""},"categories":[13,14,29,3,16],"tags":[150,151,152,153,154,155,156,157,119],"views":264,"_links":{"self":[{"href":"https:\/\/patrusananias.com.br\/blog\/wp-json\/wp\/v2\/posts\/3439"}],"collection":[{"href":"https:\/\/patrusananias.com.br\/blog\/wp-json\/wp\/v2\/posts"}],"about":[{"href":"https:\/\/patrusananias.com.br\/blog\/wp-json\/wp\/v2\/types\/post"}],"author":[{"embeddable":true,"href":"https:\/\/patrusananias.com.br\/blog\/wp-json\/wp\/v2\/users\/2"}],"replies":[{"embeddable":true,"href":"https:\/\/patrusananias.com.br\/blog\/wp-json\/wp\/v2\/comments?post=3439"}],"version-history":[{"count":1,"href":"https:\/\/patrusananias.com.br\/blog\/wp-json\/wp\/v2\/posts\/3439\/revisions"}],"predecessor-version":[{"id":7190,"href":"https:\/\/patrusananias.com.br\/blog\/wp-json\/wp\/v2\/posts\/3439\/revisions\/7190"}],"wp:attachment":[{"href":"https:\/\/patrusananias.com.br\/blog\/wp-json\/wp\/v2\/media?parent=3439"}],"wp:term":[{"taxonomy":"category","embeddable":true,"href":"https:\/\/patrusananias.com.br\/blog\/wp-json\/wp\/v2\/categories?post=3439"},{"taxonomy":"post_tag","embeddable":true,"href":"https:\/\/patrusananias.com.br\/blog\/wp-json\/wp\/v2\/tags?post=3439"}],"curies":[{"name":"wp","href":"https:\/\/api.w.org\/{rel}","templated":true}]}}