{"id":3316,"date":"2018-07-31T13:23:04","date_gmt":"2018-07-31T16:23:04","guid":{"rendered":"http:\/\/patrusananias.com.br\/blog\/?p=3316"},"modified":"2022-08-31T11:32:22","modified_gmt":"2022-08-31T14:32:22","slug":"patrus-em-entrevista-a-saida-e-fortalecer-os-movimentos-populares","status":"publish","type":"post","link":"https:\/\/patrusananias.com.br\/blog\/patrus-em-entrevista-a-saida-e-fortalecer-os-movimentos-populares\/","title":{"rendered":"Patrus em entrevista: &#8220;A sa\u00edda \u00e9 fortalecer os movimentos populares&#8221;"},"content":{"rendered":"<p>\u201cNa semana em que come\u00e7a a Caravana Semi\u00e1rido contra a Fome, organizada pela Articula\u00e7\u00e3o do Semi\u00e1rido Brasileiro (ASA), Patrus concedeu uma entrevista exclusiva ao Brasil de Fato, na qual fala do rec\u00e9m-divulgado dado de crescimento da pobreza extrema depois do golpe de estado de 2016, as raz\u00f5es e as sa\u00eddas para essa triste realidade.\u201d<\/p>\n<p>Entrevista completa em:\u00a0<a href=\"https:\/\/www.brasildefato.com.br\/2018\/07\/30\/patrus-ananias-a-saida-e-fortalecer-os-movimentos-populares\/\">https:\/\/www.brasildefato.com.br\/2018\/07\/30\/patrus-ananias-a-saida-e-fortalecer-os-movimentos-populares\/<\/a><\/p>\n<p><a href=\"http:\/\/patrusananias.com.br\/blog\/wp-content\/uploads\/2018\/08\/42960776224_9af8494350_z.jpg\"><img fetchpriority=\"high\" decoding=\"async\" class=\"alignnone size-full wp-image-3317\" alt=\"42960776224_9af8494350_z\" src=\"http:\/\/patrusananias.com.br\/blog\/wp-content\/uploads\/2018\/08\/42960776224_9af8494350_z.jpg\" width=\"640\" height=\"426\" \/><\/a><\/p>\n","protected":false},"excerpt":{"rendered":"<p>\u201cNa semana em que come\u00e7a a Caravana Semi\u00e1rido contra a Fome, organizada pela Articula\u00e7\u00e3o do Semi\u00e1rido Brasileiro (ASA), Patrus concedeu uma entrevista exclusiva ao Brasil de Fato, na qual fala do rec\u00e9m-divulgado dado de crescimento da pobreza extrema depois do golpe de estado de 2016, as raz\u00f5es e as sa\u00eddas para essa triste realidade.\u201d Entrevista &hellip; <\/p>\n<p class=\"link-more\"><a href=\"https:\/\/patrusananias.com.br\/blog\/patrus-em-entrevista-a-saida-e-fortalecer-os-movimentos-populares\/\" class=\"more-link\">Continue lendo<span class=\"screen-reader-text\"> &#8220;Patrus em entrevista: &#8220;A sa\u00edda \u00e9 fortalecer os movimentos populares&#8221;&#8221;<\/span><\/a><\/p>\n","protected":false},"author":2,"featured_media":0,"comment_status":"open","ping_status":"open","sticky":false,"template":"","format":"standard","meta":{"footnotes":""},"categories":[2,14,29,3,27,24,25,18,7,19,28,22,34,46,10,5,41,16,20],"tags":[59,60,61,62,63,64,65],"views":424,"_links":{"self":[{"href":"https:\/\/patrusananias.com.br\/blog\/wp-json\/wp\/v2\/posts\/3316"}],"collection":[{"href":"https:\/\/patrusananias.com.br\/blog\/wp-json\/wp\/v2\/posts"}],"about":[{"href":"https:\/\/patrusananias.com.br\/blog\/wp-json\/wp\/v2\/types\/post"}],"author":[{"embeddable":true,"href":"https:\/\/patrusananias.com.br\/blog\/wp-json\/wp\/v2\/users\/2"}],"replies":[{"embeddable":true,"href":"https:\/\/patrusananias.com.br\/blog\/wp-json\/wp\/v2\/comments?post=3316"}],"version-history":[{"count":1,"href":"https:\/\/patrusananias.com.br\/blog\/wp-json\/wp\/v2\/posts\/3316\/revisions"}],"predecessor-version":[{"id":7164,"href":"https:\/\/patrusananias.com.br\/blog\/wp-json\/wp\/v2\/posts\/3316\/revisions\/7164"}],"wp:attachment":[{"href":"https:\/\/patrusananias.com.br\/blog\/wp-json\/wp\/v2\/media?parent=3316"}],"wp:term":[{"taxonomy":"category","embeddable":true,"href":"https:\/\/patrusananias.com.br\/blog\/wp-json\/wp\/v2\/categories?post=3316"},{"taxonomy":"post_tag","embeddable":true,"href":"https:\/\/patrusananias.com.br\/blog\/wp-json\/wp\/v2\/tags?post=3316"}],"curies":[{"name":"wp","href":"https:\/\/api.w.org\/{rel}","templated":true}]}}