{"id":254,"date":"2012-01-29T01:13:24","date_gmt":"2012-01-29T01:13:24","guid":{"rendered":"http:\/\/patrusananias.com.br\/blog\/?p=254"},"modified":"2022-08-31T11:33:33","modified_gmt":"2022-08-31T14:33:33","slug":"bartolomeu-e-o-legado-de-um-grande-escritor","status":"publish","type":"post","link":"https:\/\/patrusananias.com.br\/blog\/bartolomeu-e-o-legado-de-um-grande-escritor\/","title":{"rendered":"Bartolomeu e o legado de um grande escritor"},"content":{"rendered":"<p><em><em>Publicado originalmente no jornal Hoje em Dia, em 29\/01\/2012<\/em><\/em><\/p>\n<p><em>Patrus Ananias<\/em><\/p>\n<p>H\u00e1 sempre uma dificuldade de enquadrar grandes escritores nos g\u00eaneros liter\u00e1rios. Assim foi com Bartolomeu Campos de Queir\u00f3s, que nos deixou recentemente. Se o universo infantil marcou a refer\u00eancia de boa parte de sua obra foi tamb\u00e9m ponto de partida para se expandir na explora\u00e7\u00e3o do mundo. Os que procuram um livro infantil, no sentido mais restrito do termo, se assustam com ang\u00fastias narradas sem concess\u00e3o em alguns de seus livros. Mas a prosa de Bartolomeu \u00e9 mais alargada e sai em busca de v\u00e1rios territ\u00f3rios, gera\u00e7\u00f5es e estilos. Quer falar com todas as pessoas dotadas de sensibilidade e que indagam o sentido das coisas e da vida. Isso inclui as crian\u00e7as, que tanto gostam das perguntas.<br \/>\n<!--more--><\/p>\n<p>Suas obras s\u00e3o dotadas da refinada percep\u00e7\u00e3o que informa o esp\u00edrito da inf\u00e2ncia. Vivem o constante alumbramento diante do espet\u00e1culo mutante e permanente do mundo e que constitui a porta de entrada para a filosofia. A obra de Bartolomeu, pelo qual perpassa ora a inquieta\u00e7\u00e3o, ora a sabedoria filos\u00f3fica, se dirige a todos que preservam a dimens\u00e3o menina da vida. Poucos autores conseguiram alcan\u00e7ar essa plenitude liter\u00e1ria: construir uma obra absolutamente refinada e que toca os cora\u00e7\u00f5es e as intelig\u00eancias das mais diferentes pessoas, transcendendo idades, lugares e n\u00edveis culturais.<\/p>\n<p>Bartolomeu fundia estilos e g\u00eaneros. Punha muita poesia na sua prosa. Fazia uma poesia pedag\u00f3gica que alfabetiza e educa despertando o gosto pelos encantos m\u00e9tricos, r\u00edtmicos e metaf\u00f3ricos da mais sutil e m\u00e1gica das linguagens. Integra fic\u00e7\u00e3o, lembran\u00e7as e viv\u00eancias pessoais para escrever uma obra memorial\u00edstica espl\u00eandida. Os mineiros gostam de contar hist\u00f3rias e est\u00f3rias, as pessoais e as dos outros. Seguramente demos uma bela contribui\u00e7\u00e3o \u00e0 memorial\u00edstica brasileira: Pedro Nava e Ciro dos Anjos, Francisco de Paula Ferreira de Resende e Helena Morley. As obras de Guimar\u00e3es Rosa e Carlos Drummond de Andrade s\u00e3o perpassadas por recorda\u00e7\u00f5es expl\u00edcitas ou que expressam as sutilezas do inconsciente. \u201cCiganos\u201d, \u201cIndez\u201d, \u201cLer, escrever e fazer conta de cabe\u00e7a\u201d, \u201cPor parte do pai\u201d, \u201cO olho de vidro de meu av\u00f4\u201d e, por \u00faltimo, o inquietante \u201cVermelho Amargo\u201d se inscrevem no mais elevado memorialismo mineiro que t\u00e3o bem acolheu e reelaborou o legado de Proust. Sempre a presen\u00e7a do tempo angustiante, aflitivo, passageiro, que nos rep\u00f5e a morte.<\/p>\n<p>Pedro Nava dizia que contar tudo direitinho como foi \u00e9 fazer relat\u00f3rio. Bartolomeu p\u00f4s as suas mem\u00f3rias no plano da universalidade. Acolhe o conselho de Tolst\u00f3i e fala de sua aldeia \u2013 Papagaios, Bom Destino, Par\u00e1 de Minas, os territ\u00f3rios m\u00e1gicos de Minas \u2013 para falar ao mundo. A sua obra carece de maior divulga\u00e7\u00e3o para melhor contribuir no processo civilizat\u00f3rio de Minas e do Brasil e no nosso di\u00e1logo com o mundo.<\/p>\n","protected":false},"excerpt":{"rendered":"<p>Publicado originalmente no jornal Hoje em Dia, em 29\/01\/2012 Patrus Ananias H\u00e1 sempre uma dificuldade de enquadrar grandes escritores nos g\u00eaneros liter\u00e1rios. Assim foi com Bartolomeu Campos de Queir\u00f3s, que nos deixou recentemente. Se o universo infantil marcou a refer\u00eancia de boa parte de sua obra foi tamb\u00e9m ponto de partida para se expandir na &hellip; <\/p>\n<p class=\"link-more\"><a href=\"https:\/\/patrusananias.com.br\/blog\/bartolomeu-e-o-legado-de-um-grande-escritor\/\" class=\"more-link\">Continue lendo<span class=\"screen-reader-text\"> &#8220;Bartolomeu e o legado de um grande escritor&#8221;<\/span><\/a><\/p>\n","protected":false},"author":1,"featured_media":0,"comment_status":"open","ping_status":"open","sticky":false,"template":"","format":"standard","meta":{"footnotes":""},"categories":[2,8,9,10,5],"tags":[],"views":561,"_links":{"self":[{"href":"https:\/\/patrusananias.com.br\/blog\/wp-json\/wp\/v2\/posts\/254"}],"collection":[{"href":"https:\/\/patrusananias.com.br\/blog\/wp-json\/wp\/v2\/posts"}],"about":[{"href":"https:\/\/patrusananias.com.br\/blog\/wp-json\/wp\/v2\/types\/post"}],"author":[{"embeddable":true,"href":"https:\/\/patrusananias.com.br\/blog\/wp-json\/wp\/v2\/users\/1"}],"replies":[{"embeddable":true,"href":"https:\/\/patrusananias.com.br\/blog\/wp-json\/wp\/v2\/comments?post=254"}],"version-history":[{"count":1,"href":"https:\/\/patrusananias.com.br\/blog\/wp-json\/wp\/v2\/posts\/254\/revisions"}],"predecessor-version":[{"id":6417,"href":"https:\/\/patrusananias.com.br\/blog\/wp-json\/wp\/v2\/posts\/254\/revisions\/6417"}],"wp:attachment":[{"href":"https:\/\/patrusananias.com.br\/blog\/wp-json\/wp\/v2\/media?parent=254"}],"wp:term":[{"taxonomy":"category","embeddable":true,"href":"https:\/\/patrusananias.com.br\/blog\/wp-json\/wp\/v2\/categories?post=254"},{"taxonomy":"post_tag","embeddable":true,"href":"https:\/\/patrusananias.com.br\/blog\/wp-json\/wp\/v2\/tags?post=254"}],"curies":[{"name":"wp","href":"https:\/\/api.w.org\/{rel}","templated":true}]}}